{"id":4298,"date":"2025-07-05T23:37:52","date_gmt":"2025-07-06T05:37:52","guid":{"rendered":"https:\/\/alquite.com.mx\/2025\/?p=4298"},"modified":"2025-07-05T23:37:54","modified_gmt":"2025-07-06T05:37:54","slug":"clinica-de-la-columna-del-dif-ofrece-rehabilitacion-especializada-a-bajo-costo","status":"publish","type":"post","link":"https:\/\/alquite.com.mx\/2025\/clinica-de-la-columna-del-dif-ofrece-rehabilitacion-especializada-a-bajo-costo\/","title":{"rendered":"Cl\u00ednica de la columna del DIF ofrece rehabilitaci\u00f3n especializada a bajo costo"},"content":{"rendered":"\n<p id=\"viewer-6e5d4779\">En apoyo a las personas que padecen lesiones en la columna para mejorar su calidad de vida, el Sistema Estatal para el Desarrollo Integral de la Familia (DIF) pone a disposici\u00f3n de la ciudadan\u00eda la Cl\u00ednica de la Columna, donde se brindan terapias de rehabilitaci\u00f3n especializada a bajo costo para pacientes a partir de los 12 a\u00f1os de edad.<\/p>\n\n\n\n<p id=\"viewer-ovnm7167\">Aurora Jim\u00e9nez Esquivel, presidenta de la instituci\u00f3n, inform\u00f3 que de enero a mayo de 2025 se realizaron sesiones de terapia en beneficio de 8 mil 833 personas, lo que equivale a una atenci\u00f3n diaria de entre 100 y 120 pacientes.<\/p>\n\n\n\n<p id=\"viewer-r7i0e783\">La primera voluntaria invit\u00f3 a las y los interesados en recibir este tipo de terapia, a que acudan a la Direcci\u00f3n de Servicios M\u00e9dicos del DIF Estatal, ubicada en Mahatma Gandhi s\/n, esquina con Rep\u00fablica de Paraguay, colonia Agricultura, de lunes a viernes, de 8:00 a.m. a 8:00 p.m.<\/p>\n\n\n\n<p id=\"viewer-f5y0i785\">Sandra Margarita Vel\u00e1zquez Rodr\u00edguez, jefa del departamento de Rehabilitaci\u00f3n de la Direcci\u00f3n de Servicios M\u00e9dicos, detall\u00f3 que los padecimientos m\u00e1s frecuentes que se atienden en la cl\u00ednica son: problemas m\u00fasculo esquel\u00e9ticos y mec\u00e1nicos, lesiones de columna como hernias de disco, compresi\u00f3n medular, compresi\u00f3n cervical, lumbalgias inespec\u00edficas, cervicalgias, escoliosis, y s\u00edndromes musculares.<\/p>\n\n\n\n<p id=\"viewer-7b33i787\">A\u00f1adi\u00f3 que existen dos grupos fuertes de atenci\u00f3n, entre los 30 y 45 a\u00f1os de edad y otro grupo de 65 a 70 a\u00f1os, cuyas lesiones se originan por mala postura, sobrepeso e incluso factores metab\u00f3licos que pueden ocasionar dolor de espalda.<\/p>\n\n\n\n<p id=\"viewer-9ecrz789\">Finalmente, destac\u00f3 que hace apenas unos d\u00edas se integraron dos nuevos aparatos con tecnolog\u00eda de punta en el \u00e1rea de Rehabilitaci\u00f3n, lo que facilitar\u00e1 la recuperaci\u00f3n de los pacientes de una forma m\u00e1s efectiva y r\u00e1pida.<\/p>\n","protected":false},"excerpt":{"rendered":"<p>En apoyo a las personas que padecen lesiones en la columna para mejorar su calidad de vida, el Sistema Estatal [&hellip;]<\/p>\n","protected":false},"author":1,"featured_media":4299,"comment_status":"closed","ping_status":"open","sticky":false,"template":"","format":"standard","meta":{"_uag_custom_page_level_css":"","site-sidebar-layout":"default","site-content-layout":"","ast-site-content-layout":"","site-content-style":"default","site-sidebar-style":"default","ast-global-header-display":"","ast-banner-title-visibility":"","ast-main-header-display":"","ast-hfb-above-header-display":"","ast-hfb-below-header-display":"","ast-hfb-mobile-header-display":"","site-post-title":"","ast-breadcrumbs-content":"","ast-featured-img":"","footer-sml-layout":"","theme-transparent-header-meta":"","adv-header-id-meta":"","stick-header-meta":"","header-above-stick-meta":"","header-main-stick-meta":"","header-below-stick-meta":"","astra-migrate-meta-layouts":"default","ast-page-background-enabled":"default","ast-page-background-meta":{"desktop":{"background-color":"var(--ast-global-color-4)","background-image":"","background-repeat":"repeat","background-position":"center center","background-size":"auto","background-attachment":"scroll","background-type":"","background-media":"","overlay-type":"","overlay-color":"","overlay-opacity":"","overlay-gradient":""},"tablet":{"background-color":"","background-image":"","background-repeat":"repeat","background-position":"center center","background-size":"auto","background-attachment":"scroll","background-type":"","background-media":"","overlay-type":"","overlay-color":"","overlay-opacity":"","overlay-gradient":""},"mobile":{"background-color":"","background-image":"","background-repeat":"repeat","background-position":"center center","background-size":"auto","background-attachment":"scroll","background-type":"","background-media":"","overlay-type":"","overlay-color":"","overlay-opacity":"","overlay-gradient":""}},"ast-content-background-meta":{"desktop":{"background-color":"var(--ast-global-color-5)","background-image":"","background-repeat":"repeat","background-position":"center center","background-size":"auto","background-attachment":"scroll","background-type":"","background-media":"","overlay-type":"","overlay-color":"","overlay-opacity":"","overlay-gradient":""},"tablet":{"background-color":"var(--ast-global-color-5)","background-image":"","background-repeat":"repeat","background-position":"center center","background-size":"auto","background-attachment":"scroll","background-type":"","background-media":"","overlay-type":"","overlay-color":"","overlay-opacity":"","overlay-gradient":""},"mobile":{"background-color":"var(--ast-global-color-5)","background-image":"","background-repeat":"repeat","background-position":"center center","background-size":"auto","background-attachment":"scroll","background-type":"","background-media":"","overlay-type":"","overlay-color":"","overlay-opacity":"","overlay-gradient":""}},"footnotes":""},"categories":[6,12,11],"tags":[],"class_list":["post-4298","post","type-post","status-publish","format-standard","has-post-thumbnail","hentry","category-nacionales","category-noticia-destacada","category-noticias"],"uagb_featured_image_src":{"full":["https:\/\/alquite.com.mx\/2025\/wp-content\/uploads\/2025\/07\/IMG-20250610-WA0029.jpg",1024,575,false],"thumbnail":["https:\/\/alquite.com.mx\/2025\/wp-content\/uploads\/2025\/07\/IMG-20250610-WA0029-150x150.jpg",150,150,true],"medium":["https:\/\/alquite.com.mx\/2025\/wp-content\/uploads\/2025\/07\/IMG-20250610-WA0029-300x168.jpg",300,168,true],"medium_large":["https:\/\/alquite.com.mx\/2025\/wp-content\/uploads\/2025\/07\/IMG-20250610-WA0029-768x431.jpg",768,431,true],"large":["https:\/\/alquite.com.mx\/2025\/wp-content\/uploads\/2025\/07\/IMG-20250610-WA0029.jpg",1024,575,false],"1536x1536":["https:\/\/alquite.com.mx\/2025\/wp-content\/uploads\/2025\/07\/IMG-20250610-WA0029.jpg",1024,575,false],"2048x2048":["https:\/\/alquite.com.mx\/2025\/wp-content\/uploads\/2025\/07\/IMG-20250610-WA0029.jpg",1024,575,false]},"uagb_author_info":{"display_name":"admin","author_link":"https:\/\/alquite.com.mx\/2025\/author\/admin\/"},"uagb_comment_info":0,"uagb_excerpt":"En apoyo a las personas que padecen lesiones en la columna para mejorar su calidad de vida, el Sistema Estatal [&hellip;]","_links":{"self":[{"href":"https:\/\/alquite.com.mx\/2025\/wp-json\/wp\/v2\/posts\/4298","targetHints":{"allow":["GET"]}}],"collection":[{"href":"https:\/\/alquite.com.mx\/2025\/wp-json\/wp\/v2\/posts"}],"about":[{"href":"https:\/\/alquite.com.mx\/2025\/wp-json\/wp\/v2\/types\/post"}],"author":[{"embeddable":true,"href":"https:\/\/alquite.com.mx\/2025\/wp-json\/wp\/v2\/users\/1"}],"replies":[{"embeddable":true,"href":"https:\/\/alquite.com.mx\/2025\/wp-json\/wp\/v2\/comments?post=4298"}],"version-history":[{"count":1,"href":"https:\/\/alquite.com.mx\/2025\/wp-json\/wp\/v2\/posts\/4298\/revisions"}],"predecessor-version":[{"id":4300,"href":"https:\/\/alquite.com.mx\/2025\/wp-json\/wp\/v2\/posts\/4298\/revisions\/4300"}],"wp:featuredmedia":[{"embeddable":true,"href":"https:\/\/alquite.com.mx\/2025\/wp-json\/wp\/v2\/media\/4299"}],"wp:attachment":[{"href":"https:\/\/alquite.com.mx\/2025\/wp-json\/wp\/v2\/media?parent=4298"}],"wp:term":[{"taxonomy":"category","embeddable":true,"href":"https:\/\/alquite.com.mx\/2025\/wp-json\/wp\/v2\/categories?post=4298"},{"taxonomy":"post_tag","embeddable":true,"href":"https:\/\/alquite.com.mx\/2025\/wp-json\/wp\/v2\/tags?post=4298"}],"curies":[{"name":"wp","href":"https:\/\/api.w.org\/{rel}","templated":true}]}}