{"id":4247,"date":"2025-07-03T23:14:05","date_gmt":"2025-07-04T05:14:05","guid":{"rendered":"https:\/\/alquite.com.mx\/2025\/?p=4247"},"modified":"2025-07-03T23:14:08","modified_gmt":"2025-07-04T05:14:08","slug":"refuerzan-vigilancia-en-fincas-antiguas-por-temporada-de-lluvias","status":"publish","type":"post","link":"https:\/\/alquite.com.mx\/2025\/refuerzan-vigilancia-en-fincas-antiguas-por-temporada-de-lluvias\/","title":{"rendered":"Refuerzan vigilancia en fincas antiguas por temporada de lluvias"},"content":{"rendered":"\n<p id=\"viewer-xw03n171\">Protecci\u00f3n Civil Estatal, en coordinaci\u00f3n con Protecci\u00f3n Civil del municipio de Aguascalientes, Desarrollo Urbano del municipio capital y el Instituto Nacional de Antropolog\u00eda e Historia (INAH), intensifica los operativos de supervisi\u00f3n en fincas antiguas con motivo de la presente temporada de lluvias.<\/p>\n\n\n\n<p id=\"viewer-pb7kk173\">Manuel Cortina Reynoso, subsecretario de Gobierno, inform\u00f3 que se trabaja en el monitoreo constante de fincas antiguas, con el objetivo de detectar a tiempo posibles da\u00f1os estructurales debido a la humedad y actuar en los casos en los que sea necesario, sobre todo en zonas habitadas o de alta concurrencia.<\/p>\n\n\n\n<p id=\"viewer-taedy175\">\u201cContamos con un padr\u00f3n de edificaciones que requieren supervisi\u00f3n, pero es clave la participaci\u00f3n de la ciudadan\u00eda para reforzar la vigilancia\u201d, se\u00f1al\u00f3. Por ello, hizo un llamado a la poblaci\u00f3n a reportar cualquier finca o inmueble que muestre grietas, inclinaciones u otros signos de deterioro. Los reportes pueden hacerse al n\u00famero de emergencias 911.<\/p>\n\n\n\n<p id=\"viewer-bkvra177\">Por su parte, Christian Medina L\u00f3pez Velarde, director del Centro INAH Aguascalientes, aclar\u00f3 que las fincas antiguas deben ser demolidas cuando representen un riesgo para las personas o sus bienes; reconoci\u00f3 la disposici\u00f3n del Gobierno del Estado para actuar con responsabilidad en estos casos.<\/p>\n\n\n\n<p id=\"viewer-3te8a179\">En la reuni\u00f3n tambi\u00e9n estuvieron presentes Jes\u00fas Eduardo Mu\u00f1oz de Le\u00f3n, coordinador estatal de Protecci\u00f3n Civil; Luis Enrique Garc\u00eda L\u00f3pez, secretario del H. Ayuntamiento y director general de Gobierno del Municipio de Aguascalientes; Jos\u00e9 Gabino V\u00e1zquez Vega, coordinador de Protecci\u00f3n Civil del Municipio de Aguascalientes, y Oscar Trist\u00e1n Rodr\u00edguez Godoy, secretario de Desarrollo Urbano del municipio capital.<\/p>\n","protected":false},"excerpt":{"rendered":"<p>Protecci\u00f3n Civil Estatal, en coordinaci\u00f3n con Protecci\u00f3n Civil del municipio de Aguascalientes, Desarrollo Urbano del municipio capital y el Instituto [&hellip;]<\/p>\n","protected":false},"author":1,"featured_media":4248,"comment_status":"closed","ping_status":"open","sticky":false,"template":"","format":"standard","meta":{"_uag_custom_page_level_css":"","site-sidebar-layout":"default","site-content-layout":"","ast-site-content-layout":"","site-content-style":"default","site-sidebar-style":"default","ast-global-header-display":"","ast-banner-title-visibility":"","ast-main-header-display":"","ast-hfb-above-header-display":"","ast-hfb-below-header-display":"","ast-hfb-mobile-header-display":"","site-post-title":"","ast-breadcrumbs-content":"","ast-featured-img":"","footer-sml-layout":"","theme-transparent-header-meta":"","adv-header-id-meta":"","stick-header-meta":"","header-above-stick-meta":"","header-main-stick-meta":"","header-below-stick-meta":"","astra-migrate-meta-layouts":"default","ast-page-background-enabled":"default","ast-page-background-meta":{"desktop":{"background-color":"var(--ast-global-color-4)","background-image":"","background-repeat":"repeat","background-position":"center center","background-size":"auto","background-attachment":"scroll","background-type":"","background-media":"","overlay-type":"","overlay-color":"","overlay-opacity":"","overlay-gradient":""},"tablet":{"background-color":"","background-image":"","background-repeat":"repeat","background-position":"center center","background-size":"auto","background-attachment":"scroll","background-type":"","background-media":"","overlay-type":"","overlay-color":"","overlay-opacity":"","overlay-gradient":""},"mobile":{"background-color":"","background-image":"","background-repeat":"repeat","background-position":"center center","background-size":"auto","background-attachment":"scroll","background-type":"","background-media":"","overlay-type":"","overlay-color":"","overlay-opacity":"","overlay-gradient":""}},"ast-content-background-meta":{"desktop":{"background-color":"var(--ast-global-color-5)","background-image":"","background-repeat":"repeat","background-position":"center center","background-size":"auto","background-attachment":"scroll","background-type":"","background-media":"","overlay-type":"","overlay-color":"","overlay-opacity":"","overlay-gradient":""},"tablet":{"background-color":"var(--ast-global-color-5)","background-image":"","background-repeat":"repeat","background-position":"center center","background-size":"auto","background-attachment":"scroll","background-type":"","background-media":"","overlay-type":"","overlay-color":"","overlay-opacity":"","overlay-gradient":""},"mobile":{"background-color":"var(--ast-global-color-5)","background-image":"","background-repeat":"repeat","background-position":"center center","background-size":"auto","background-attachment":"scroll","background-type":"","background-media":"","overlay-type":"","overlay-color":"","overlay-opacity":"","overlay-gradient":""}},"footnotes":""},"categories":[6,12,11],"tags":[],"class_list":["post-4247","post","type-post","status-publish","format-standard","has-post-thumbnail","hentry","category-nacionales","category-noticia-destacada","category-noticias"],"uagb_featured_image_src":{"full":["https:\/\/alquite.com.mx\/2025\/wp-content\/uploads\/2025\/07\/MXS_8272-1.jpg",1024,669,false],"thumbnail":["https:\/\/alquite.com.mx\/2025\/wp-content\/uploads\/2025\/07\/MXS_8272-1-150x150.jpg",150,150,true],"medium":["https:\/\/alquite.com.mx\/2025\/wp-content\/uploads\/2025\/07\/MXS_8272-1-300x196.jpg",300,196,true],"medium_large":["https:\/\/alquite.com.mx\/2025\/wp-content\/uploads\/2025\/07\/MXS_8272-1-768x502.jpg",768,502,true],"large":["https:\/\/alquite.com.mx\/2025\/wp-content\/uploads\/2025\/07\/MXS_8272-1.jpg",1024,669,false],"1536x1536":["https:\/\/alquite.com.mx\/2025\/wp-content\/uploads\/2025\/07\/MXS_8272-1.jpg",1024,669,false],"2048x2048":["https:\/\/alquite.com.mx\/2025\/wp-content\/uploads\/2025\/07\/MXS_8272-1.jpg",1024,669,false]},"uagb_author_info":{"display_name":"admin","author_link":"https:\/\/alquite.com.mx\/2025\/author\/admin\/"},"uagb_comment_info":0,"uagb_excerpt":"Protecci\u00f3n Civil Estatal, en coordinaci\u00f3n con Protecci\u00f3n Civil del municipio de Aguascalientes, Desarrollo Urbano del municipio capital y el Instituto [&hellip;]","_links":{"self":[{"href":"https:\/\/alquite.com.mx\/2025\/wp-json\/wp\/v2\/posts\/4247","targetHints":{"allow":["GET"]}}],"collection":[{"href":"https:\/\/alquite.com.mx\/2025\/wp-json\/wp\/v2\/posts"}],"about":[{"href":"https:\/\/alquite.com.mx\/2025\/wp-json\/wp\/v2\/types\/post"}],"author":[{"embeddable":true,"href":"https:\/\/alquite.com.mx\/2025\/wp-json\/wp\/v2\/users\/1"}],"replies":[{"embeddable":true,"href":"https:\/\/alquite.com.mx\/2025\/wp-json\/wp\/v2\/comments?post=4247"}],"version-history":[{"count":1,"href":"https:\/\/alquite.com.mx\/2025\/wp-json\/wp\/v2\/posts\/4247\/revisions"}],"predecessor-version":[{"id":4249,"href":"https:\/\/alquite.com.mx\/2025\/wp-json\/wp\/v2\/posts\/4247\/revisions\/4249"}],"wp:featuredmedia":[{"embeddable":true,"href":"https:\/\/alquite.com.mx\/2025\/wp-json\/wp\/v2\/media\/4248"}],"wp:attachment":[{"href":"https:\/\/alquite.com.mx\/2025\/wp-json\/wp\/v2\/media?parent=4247"}],"wp:term":[{"taxonomy":"category","embeddable":true,"href":"https:\/\/alquite.com.mx\/2025\/wp-json\/wp\/v2\/categories?post=4247"},{"taxonomy":"post_tag","embeddable":true,"href":"https:\/\/alquite.com.mx\/2025\/wp-json\/wp\/v2\/tags?post=4247"}],"curies":[{"name":"wp","href":"https:\/\/api.w.org\/{rel}","templated":true}]}}