{"id":4241,"date":"2025-07-03T23:01:46","date_gmt":"2025-07-04T05:01:46","guid":{"rendered":"https:\/\/alquite.com.mx\/2025\/?p=4241"},"modified":"2025-07-03T23:01:49","modified_gmt":"2025-07-04T05:01:49","slug":"atletas-de-aguascalientes-en-la-seleccion-nacional-de-patinaje-2025","status":"publish","type":"post","link":"https:\/\/alquite.com.mx\/2025\/atletas-de-aguascalientes-en-la-seleccion-nacional-de-patinaje-2025\/","title":{"rendered":"Atletas de Aguascalientes en la selecci\u00f3n nacional de patinaje 2025"},"content":{"rendered":"\n<p id=\"viewer-i45l0273\">El talento hidroc\u00e1lido vuelve a destacar en la escena internacional. La Federaci\u00f3n Mexicana de Patines sobre Ruedas A. C. dio a conocer la lista de seleccionados nacionales que participar\u00e1n en el Campeonato Panamericano de Patinaje de Velocidad de Naciones 2025, a celebrarse del 5 al 14 de julio en Guarne, Antioquia, Colombia, y Aguascalientes estar\u00e1 presente con tres atletas y una entrenadora.<\/p>\n\n\n\n<p id=\"viewer-2g1ic276\">Los representantes hidroc\u00e1lidos son:<\/p>\n\n\n\n<p id=\"viewer-tmuz8279\">Patricio de Luna Marroqu\u00ed \u2013 categor\u00eda Junior, modalidad velocidad<\/p>\n\n\n\n<p id=\"viewer-zojqh281\">Carlos Monsiv\u00e1is Villalobos \u2013 categor\u00eda Senior, modalidad velocidad<\/p>\n\n\n\n<p id=\"viewer-jmuiy283\">Brianda Victoria Carmona V\u00e1zquez \u2013 categor\u00eda Senior, modalidad fondo<\/p>\n\n\n\n<p id=\"viewer-7v5bl285\">Paulina Ubalda Mart\u00ednez P\u00e9rez \u2013 entrenadora<\/p>\n\n\n\n<p id=\"viewer-huc8j288\">El compromiso, la disciplina y el esfuerzo de estos atletas y entrenadora reflejan el crecimiento y nivel competitivo que Aguascalientes ha alcanzado en el patinaje de velocidad a nivel nacional e internacional.<\/p>\n\n\n\n<p id=\"viewer-pg0r1291\">El Instituto del Deporte del Estado de Aguascalientes reconoce y felicita a estos deportistas y su cuerpo t\u00e9cnico, dese\u00e1ndoles \u00e9xito en esta importante competencia, seguros de que representar\u00e1n con orgullo a nuestro estado y M\u00e9xico.<\/p>\n","protected":false},"excerpt":{"rendered":"<p>El talento hidroc\u00e1lido vuelve a destacar en la escena internacional. La Federaci\u00f3n Mexicana de Patines sobre Ruedas A. C. dio [&hellip;]<\/p>\n","protected":false},"author":1,"featured_media":4242,"comment_status":"closed","ping_status":"open","sticky":false,"template":"","format":"standard","meta":{"_uag_custom_page_level_css":"","site-sidebar-layout":"default","site-content-layout":"","ast-site-content-layout":"","site-content-style":"default","site-sidebar-style":"default","ast-global-header-display":"","ast-banner-title-visibility":"","ast-main-header-display":"","ast-hfb-above-header-display":"","ast-hfb-below-header-display":"","ast-hfb-mobile-header-display":"","site-post-title":"","ast-breadcrumbs-content":"","ast-featured-img":"","footer-sml-layout":"","theme-transparent-header-meta":"","adv-header-id-meta":"","stick-header-meta":"","header-above-stick-meta":"","header-main-stick-meta":"","header-below-stick-meta":"","astra-migrate-meta-layouts":"default","ast-page-background-enabled":"default","ast-page-background-meta":{"desktop":{"background-color":"var(--ast-global-color-4)","background-image":"","background-repeat":"repeat","background-position":"center center","background-size":"auto","background-attachment":"scroll","background-type":"","background-media":"","overlay-type":"","overlay-color":"","overlay-opacity":"","overlay-gradient":""},"tablet":{"background-color":"","background-image":"","background-repeat":"repeat","background-position":"center center","background-size":"auto","background-attachment":"scroll","background-type":"","background-media":"","overlay-type":"","overlay-color":"","overlay-opacity":"","overlay-gradient":""},"mobile":{"background-color":"","background-image":"","background-repeat":"repeat","background-position":"center center","background-size":"auto","background-attachment":"scroll","background-type":"","background-media":"","overlay-type":"","overlay-color":"","overlay-opacity":"","overlay-gradient":""}},"ast-content-background-meta":{"desktop":{"background-color":"var(--ast-global-color-5)","background-image":"","background-repeat":"repeat","background-position":"center center","background-size":"auto","background-attachment":"scroll","background-type":"","background-media":"","overlay-type":"","overlay-color":"","overlay-opacity":"","overlay-gradient":""},"tablet":{"background-color":"var(--ast-global-color-5)","background-image":"","background-repeat":"repeat","background-position":"center center","background-size":"auto","background-attachment":"scroll","background-type":"","background-media":"","overlay-type":"","overlay-color":"","overlay-opacity":"","overlay-gradient":""},"mobile":{"background-color":"var(--ast-global-color-5)","background-image":"","background-repeat":"repeat","background-position":"center center","background-size":"auto","background-attachment":"scroll","background-type":"","background-media":"","overlay-type":"","overlay-color":"","overlay-opacity":"","overlay-gradient":""}},"footnotes":""},"categories":[6,12,11],"tags":[],"class_list":["post-4241","post","type-post","status-publish","format-standard","has-post-thumbnail","hentry","category-nacionales","category-noticia-destacada","category-noticias"],"uagb_featured_image_src":{"full":["https:\/\/alquite.com.mx\/2025\/wp-content\/uploads\/2025\/07\/WhatsApp-Image-2025-07-02-at-4.57.55-PM.jpeg",1024,683,false],"thumbnail":["https:\/\/alquite.com.mx\/2025\/wp-content\/uploads\/2025\/07\/WhatsApp-Image-2025-07-02-at-4.57.55-PM-150x150.jpeg",150,150,true],"medium":["https:\/\/alquite.com.mx\/2025\/wp-content\/uploads\/2025\/07\/WhatsApp-Image-2025-07-02-at-4.57.55-PM-300x200.jpeg",300,200,true],"medium_large":["https:\/\/alquite.com.mx\/2025\/wp-content\/uploads\/2025\/07\/WhatsApp-Image-2025-07-02-at-4.57.55-PM-768x512.jpeg",768,512,true],"large":["https:\/\/alquite.com.mx\/2025\/wp-content\/uploads\/2025\/07\/WhatsApp-Image-2025-07-02-at-4.57.55-PM.jpeg",1024,683,false],"1536x1536":["https:\/\/alquite.com.mx\/2025\/wp-content\/uploads\/2025\/07\/WhatsApp-Image-2025-07-02-at-4.57.55-PM.jpeg",1024,683,false],"2048x2048":["https:\/\/alquite.com.mx\/2025\/wp-content\/uploads\/2025\/07\/WhatsApp-Image-2025-07-02-at-4.57.55-PM.jpeg",1024,683,false]},"uagb_author_info":{"display_name":"admin","author_link":"https:\/\/alquite.com.mx\/2025\/author\/admin\/"},"uagb_comment_info":0,"uagb_excerpt":"El talento hidroc\u00e1lido vuelve a destacar en la escena internacional. La Federaci\u00f3n Mexicana de Patines sobre Ruedas A. C. dio [&hellip;]","_links":{"self":[{"href":"https:\/\/alquite.com.mx\/2025\/wp-json\/wp\/v2\/posts\/4241","targetHints":{"allow":["GET"]}}],"collection":[{"href":"https:\/\/alquite.com.mx\/2025\/wp-json\/wp\/v2\/posts"}],"about":[{"href":"https:\/\/alquite.com.mx\/2025\/wp-json\/wp\/v2\/types\/post"}],"author":[{"embeddable":true,"href":"https:\/\/alquite.com.mx\/2025\/wp-json\/wp\/v2\/users\/1"}],"replies":[{"embeddable":true,"href":"https:\/\/alquite.com.mx\/2025\/wp-json\/wp\/v2\/comments?post=4241"}],"version-history":[{"count":1,"href":"https:\/\/alquite.com.mx\/2025\/wp-json\/wp\/v2\/posts\/4241\/revisions"}],"predecessor-version":[{"id":4243,"href":"https:\/\/alquite.com.mx\/2025\/wp-json\/wp\/v2\/posts\/4241\/revisions\/4243"}],"wp:featuredmedia":[{"embeddable":true,"href":"https:\/\/alquite.com.mx\/2025\/wp-json\/wp\/v2\/media\/4242"}],"wp:attachment":[{"href":"https:\/\/alquite.com.mx\/2025\/wp-json\/wp\/v2\/media?parent=4241"}],"wp:term":[{"taxonomy":"category","embeddable":true,"href":"https:\/\/alquite.com.mx\/2025\/wp-json\/wp\/v2\/categories?post=4241"},{"taxonomy":"post_tag","embeddable":true,"href":"https:\/\/alquite.com.mx\/2025\/wp-json\/wp\/v2\/tags?post=4241"}],"curies":[{"name":"wp","href":"https:\/\/api.w.org\/{rel}","templated":true}]}}