{"id":4198,"date":"2025-07-01T23:45:04","date_gmt":"2025-07-02T05:45:04","guid":{"rendered":"https:\/\/alquite.com.mx\/2025\/?p=4198"},"modified":"2025-07-01T23:45:06","modified_gmt":"2025-07-02T05:45:06","slug":"clasicos-universales-con-la-orquesta-sinfonica-de-aguascalientes-este-4-de-julio","status":"publish","type":"post","link":"https:\/\/alquite.com.mx\/2025\/clasicos-universales-con-la-orquesta-sinfonica-de-aguascalientes-este-4-de-julio\/","title":{"rendered":"Cl\u00e1sicos universales con la orquesta sinf\u00f3nica de Aguascalientes este 4 de julio"},"content":{"rendered":"\n<p id=\"viewer-tnf9r148\">El Instituto Cultural de Aguascalientes (ICA) invita al p\u00fablico en general a disfrutar de un gran concierto de la Orquesta Sinf\u00f3nica de Aguascalientes (OSA) este viernes 4 de julio a las 20:30 horas en el Teatro Aguascalientes.<\/p>\n\n\n\n<p id=\"viewer-3986v150\">En esta ocasi\u00f3n, la orquesta contar\u00e1 con la direcci\u00f3n especial de Jos\u00e9 Are\u00e1n, reconocido director y promotor de la m\u00fasica en M\u00e9xico, conocido por su trabajo con \u00f3pera, m\u00fasica sinf\u00f3nica y de c\u00e1mara, as\u00ed como por su labor en la formaci\u00f3n de nuevas audiencias y el impulso a j\u00f3venes talentos.<\/p>\n\n\n\n<p id=\"viewer-zq9b9152\">El programa de la noche incluye tres obras maestras del repertorio cl\u00e1sico:<\/p>\n\n\n\n<p id=\"viewer-k7pty154\">Eugene Onegin (polonesa) \u2013 Piotr Ilich Chaikovski. Una pieza vibrante inspirada en la famosa novela de Aleksandr Pushkin. Esta \u00f3pera ha sido traducida e interpretada en m\u00faltiples idiomas, ganando reconocimiento mundial por su emotividad y belleza musical.<\/p>\n\n\n\n<p id=\"viewer-ht5gq156\">L\u2019Arl\u00e9sienne (suite No. 1) \u2013 Georges Bizet. Basada en la historia de \u201cLa Chica de Arl\u00e9s\u201d; esta suite recoge lo mejor de la m\u00fasica incidental que Bizet compuso para la obra teatral, llena de energ\u00eda y colores sonoros inolvidables.<\/p>\n\n\n\n<p id=\"viewer-190kw158\">Sinfon\u00eda No. 2 en Re mayor Op. 43 \u2013 Jean Sibelius. Considerada la sinfon\u00eda m\u00e1s c\u00e9lebre del compositor finland\u00e9s, fue escrita entre 1901 y 1902. Una obra monumental que refleja la fuerza y el esp\u00edritu del norte de Europa.<\/p>\n\n\n\n<p id=\"viewer-6eo49160\">Los boletos tienen un costo de 100 pesos y est\u00e1n disponibles en las taquillas del Teatro Aguascalientes o en l\u00ednea a trav\u00e9s del sitio:<a target=\"_blank\" href=\"https:\/\/www.showticket.com.mx\/eventperformances.asp?evt=1724\" rel=\"noreferrer noopener\"><u>https:\/\/www.showticket.com.mx\/eventperformances.asp?evt=1724<\/u><\/a><\/p>\n\n\n\n<p id=\"viewer-x3eq5223\">La entrada es libre para personas con discapacidad, adultos mayores con credencial del Inapam y estudiantes con credencial vigente.<\/p>\n","protected":false},"excerpt":{"rendered":"<p>El Instituto Cultural de Aguascalientes (ICA) invita al p\u00fablico en general a disfrutar de un gran concierto de la Orquesta [&hellip;]<\/p>\n","protected":false},"author":1,"featured_media":4199,"comment_status":"closed","ping_status":"open","sticky":false,"template":"","format":"standard","meta":{"_uag_custom_page_level_css":"","site-sidebar-layout":"default","site-content-layout":"","ast-site-content-layout":"","site-content-style":"default","site-sidebar-style":"default","ast-global-header-display":"","ast-banner-title-visibility":"","ast-main-header-display":"","ast-hfb-above-header-display":"","ast-hfb-below-header-display":"","ast-hfb-mobile-header-display":"","site-post-title":"","ast-breadcrumbs-content":"","ast-featured-img":"","footer-sml-layout":"","theme-transparent-header-meta":"","adv-header-id-meta":"","stick-header-meta":"","header-above-stick-meta":"","header-main-stick-meta":"","header-below-stick-meta":"","astra-migrate-meta-layouts":"default","ast-page-background-enabled":"default","ast-page-background-meta":{"desktop":{"background-color":"var(--ast-global-color-4)","background-image":"","background-repeat":"repeat","background-position":"center center","background-size":"auto","background-attachment":"scroll","background-type":"","background-media":"","overlay-type":"","overlay-color":"","overlay-opacity":"","overlay-gradient":""},"tablet":{"background-color":"","background-image":"","background-repeat":"repeat","background-position":"center center","background-size":"auto","background-attachment":"scroll","background-type":"","background-media":"","overlay-type":"","overlay-color":"","overlay-opacity":"","overlay-gradient":""},"mobile":{"background-color":"","background-image":"","background-repeat":"repeat","background-position":"center center","background-size":"auto","background-attachment":"scroll","background-type":"","background-media":"","overlay-type":"","overlay-color":"","overlay-opacity":"","overlay-gradient":""}},"ast-content-background-meta":{"desktop":{"background-color":"var(--ast-global-color-5)","background-image":"","background-repeat":"repeat","background-position":"center center","background-size":"auto","background-attachment":"scroll","background-type":"","background-media":"","overlay-type":"","overlay-color":"","overlay-opacity":"","overlay-gradient":""},"tablet":{"background-color":"var(--ast-global-color-5)","background-image":"","background-repeat":"repeat","background-position":"center center","background-size":"auto","background-attachment":"scroll","background-type":"","background-media":"","overlay-type":"","overlay-color":"","overlay-opacity":"","overlay-gradient":""},"mobile":{"background-color":"var(--ast-global-color-5)","background-image":"","background-repeat":"repeat","background-position":"center center","background-size":"auto","background-attachment":"scroll","background-type":"","background-media":"","overlay-type":"","overlay-color":"","overlay-opacity":"","overlay-gradient":""}},"footnotes":""},"categories":[6,12,11],"tags":[],"class_list":["post-4198","post","type-post","status-publish","format-standard","has-post-thumbnail","hentry","category-nacionales","category-noticia-destacada","category-noticias"],"uagb_featured_image_src":{"full":["https:\/\/alquite.com.mx\/2025\/wp-content\/uploads\/2025\/07\/WhatsApp-Image-2025-07-01-at-11.55.21-1.jpeg",720,480,false],"thumbnail":["https:\/\/alquite.com.mx\/2025\/wp-content\/uploads\/2025\/07\/WhatsApp-Image-2025-07-01-at-11.55.21-1-150x150.jpeg",150,150,true],"medium":["https:\/\/alquite.com.mx\/2025\/wp-content\/uploads\/2025\/07\/WhatsApp-Image-2025-07-01-at-11.55.21-1-300x200.jpeg",300,200,true],"medium_large":["https:\/\/alquite.com.mx\/2025\/wp-content\/uploads\/2025\/07\/WhatsApp-Image-2025-07-01-at-11.55.21-1.jpeg",720,480,false],"large":["https:\/\/alquite.com.mx\/2025\/wp-content\/uploads\/2025\/07\/WhatsApp-Image-2025-07-01-at-11.55.21-1.jpeg",720,480,false],"1536x1536":["https:\/\/alquite.com.mx\/2025\/wp-content\/uploads\/2025\/07\/WhatsApp-Image-2025-07-01-at-11.55.21-1.jpeg",720,480,false],"2048x2048":["https:\/\/alquite.com.mx\/2025\/wp-content\/uploads\/2025\/07\/WhatsApp-Image-2025-07-01-at-11.55.21-1.jpeg",720,480,false]},"uagb_author_info":{"display_name":"admin","author_link":"https:\/\/alquite.com.mx\/2025\/author\/admin\/"},"uagb_comment_info":0,"uagb_excerpt":"El Instituto Cultural de Aguascalientes (ICA) invita al p\u00fablico en general a disfrutar de un gran concierto de la Orquesta [&hellip;]","_links":{"self":[{"href":"https:\/\/alquite.com.mx\/2025\/wp-json\/wp\/v2\/posts\/4198","targetHints":{"allow":["GET"]}}],"collection":[{"href":"https:\/\/alquite.com.mx\/2025\/wp-json\/wp\/v2\/posts"}],"about":[{"href":"https:\/\/alquite.com.mx\/2025\/wp-json\/wp\/v2\/types\/post"}],"author":[{"embeddable":true,"href":"https:\/\/alquite.com.mx\/2025\/wp-json\/wp\/v2\/users\/1"}],"replies":[{"embeddable":true,"href":"https:\/\/alquite.com.mx\/2025\/wp-json\/wp\/v2\/comments?post=4198"}],"version-history":[{"count":1,"href":"https:\/\/alquite.com.mx\/2025\/wp-json\/wp\/v2\/posts\/4198\/revisions"}],"predecessor-version":[{"id":4200,"href":"https:\/\/alquite.com.mx\/2025\/wp-json\/wp\/v2\/posts\/4198\/revisions\/4200"}],"wp:featuredmedia":[{"embeddable":true,"href":"https:\/\/alquite.com.mx\/2025\/wp-json\/wp\/v2\/media\/4199"}],"wp:attachment":[{"href":"https:\/\/alquite.com.mx\/2025\/wp-json\/wp\/v2\/media?parent=4198"}],"wp:term":[{"taxonomy":"category","embeddable":true,"href":"https:\/\/alquite.com.mx\/2025\/wp-json\/wp\/v2\/categories?post=4198"},{"taxonomy":"post_tag","embeddable":true,"href":"https:\/\/alquite.com.mx\/2025\/wp-json\/wp\/v2\/tags?post=4198"}],"curies":[{"name":"wp","href":"https:\/\/api.w.org\/{rel}","templated":true}]}}