{"id":4188,"date":"2025-06-30T05:42:53","date_gmt":"2025-06-30T11:42:53","guid":{"rendered":"https:\/\/alquite.com.mx\/2025\/?p=4188"},"modified":"2025-07-01T05:44:21","modified_gmt":"2025-07-01T11:44:21","slug":"cadetes-de-la-universidad-de-la-policia-participan-en-sesion-solemne-del-congreso-del-estado","status":"publish","type":"post","link":"https:\/\/alquite.com.mx\/2025\/cadetes-de-la-universidad-de-la-policia-participan-en-sesion-solemne-del-congreso-del-estado\/","title":{"rendered":"Cadetes de la Universidad de la Polic\u00eda participan en sesi\u00f3n solemne del Congreso del Estado"},"content":{"rendered":"\n<p>Cadetes de la Universidad de la Polic\u00eda y Ciencias de la Seguridad de Aguascalientes asistieron a la sesi\u00f3n solemne de clausura del Segundo Periodo Ordinario del Congreso del Estado, en un ejercicio formativo que refuerza su preparaci\u00f3n c\u00edvica e institucional.<\/p>\n\n\n\n<p>Su presencia, caracterizada por la disciplina y el profesionalismo, aport\u00f3 solemnidad y altura al acto legislativo. Esta participaci\u00f3n forma parte del compromiso por consolidar una formaci\u00f3n integral que fortalezca los valores democr\u00e1ticos y el respeto a las instituciones entre los futuros elementos de seguridad p\u00fablica.<\/p>\n\n\n\n<figure class=\"wp-block-gallery has-nested-images columns-default is-cropped wp-block-gallery-1 is-layout-flex wp-block-gallery-is-layout-flex\">\n<figure class=\"wp-block-image size-large\"><img fetchpriority=\"high\" decoding=\"async\" width=\"1024\" height=\"768\" data-id=\"4190\" src=\"https:\/\/alquite.com.mx\/2025\/wp-content\/uploads\/2025\/07\/514349569_1135294801965612_3437362299806580544_n.jpg\" alt=\"\" class=\"wp-image-4190\" srcset=\"https:\/\/alquite.com.mx\/2025\/wp-content\/uploads\/2025\/07\/514349569_1135294801965612_3437362299806580544_n.jpg 1024w, https:\/\/alquite.com.mx\/2025\/wp-content\/uploads\/2025\/07\/514349569_1135294801965612_3437362299806580544_n-300x225.jpg 300w, https:\/\/alquite.com.mx\/2025\/wp-content\/uploads\/2025\/07\/514349569_1135294801965612_3437362299806580544_n-768x576.jpg 768w\" sizes=\"(max-width: 1024px) 100vw, 1024px\" \/><\/figure>\n<\/figure>\n\n\n\n<p><\/p>\n","protected":false},"excerpt":{"rendered":"<p>Cadetes de la Universidad de la Polic\u00eda y Ciencias de la Seguridad de Aguascalientes asistieron a la sesi\u00f3n solemne de [&hellip;]<\/p>\n","protected":false},"author":1,"featured_media":4189,"comment_status":"closed","ping_status":"open","sticky":false,"template":"","format":"standard","meta":{"_uag_custom_page_level_css":"","site-sidebar-layout":"default","site-content-layout":"","ast-site-content-layout":"","site-content-style":"default","site-sidebar-style":"default","ast-global-header-display":"","ast-banner-title-visibility":"","ast-main-header-display":"","ast-hfb-above-header-display":"","ast-hfb-below-header-display":"","ast-hfb-mobile-header-display":"","site-post-title":"","ast-breadcrumbs-content":"","ast-featured-img":"","footer-sml-layout":"","theme-transparent-header-meta":"","adv-header-id-meta":"","stick-header-meta":"","header-above-stick-meta":"","header-main-stick-meta":"","header-below-stick-meta":"","astra-migrate-meta-layouts":"default","ast-page-background-enabled":"default","ast-page-background-meta":{"desktop":{"background-color":"var(--ast-global-color-4)","background-image":"","background-repeat":"repeat","background-position":"center center","background-size":"auto","background-attachment":"scroll","background-type":"","background-media":"","overlay-type":"","overlay-color":"","overlay-opacity":"","overlay-gradient":""},"tablet":{"background-color":"","background-image":"","background-repeat":"repeat","background-position":"center center","background-size":"auto","background-attachment":"scroll","background-type":"","background-media":"","overlay-type":"","overlay-color":"","overlay-opacity":"","overlay-gradient":""},"mobile":{"background-color":"","background-image":"","background-repeat":"repeat","background-position":"center center","background-size":"auto","background-attachment":"scroll","background-type":"","background-media":"","overlay-type":"","overlay-color":"","overlay-opacity":"","overlay-gradient":""}},"ast-content-background-meta":{"desktop":{"background-color":"var(--ast-global-color-5)","background-image":"","background-repeat":"repeat","background-position":"center center","background-size":"auto","background-attachment":"scroll","background-type":"","background-media":"","overlay-type":"","overlay-color":"","overlay-opacity":"","overlay-gradient":""},"tablet":{"background-color":"var(--ast-global-color-5)","background-image":"","background-repeat":"repeat","background-position":"center center","background-size":"auto","background-attachment":"scroll","background-type":"","background-media":"","overlay-type":"","overlay-color":"","overlay-opacity":"","overlay-gradient":""},"mobile":{"background-color":"var(--ast-global-color-5)","background-image":"","background-repeat":"repeat","background-position":"center center","background-size":"auto","background-attachment":"scroll","background-type":"","background-media":"","overlay-type":"","overlay-color":"","overlay-opacity":"","overlay-gradient":""}},"footnotes":""},"categories":[6,12,11],"tags":[],"class_list":["post-4188","post","type-post","status-publish","format-standard","has-post-thumbnail","hentry","category-nacionales","category-noticia-destacada","category-noticias"],"uagb_featured_image_src":{"full":["https:\/\/alquite.com.mx\/2025\/wp-content\/uploads\/2025\/07\/514025318_1135295195298906_8260620431726689803_n.jpg",1024,768,false],"thumbnail":["https:\/\/alquite.com.mx\/2025\/wp-content\/uploads\/2025\/07\/514025318_1135295195298906_8260620431726689803_n-150x150.jpg",150,150,true],"medium":["https:\/\/alquite.com.mx\/2025\/wp-content\/uploads\/2025\/07\/514025318_1135295195298906_8260620431726689803_n-300x225.jpg",300,225,true],"medium_large":["https:\/\/alquite.com.mx\/2025\/wp-content\/uploads\/2025\/07\/514025318_1135295195298906_8260620431726689803_n-768x576.jpg",768,576,true],"large":["https:\/\/alquite.com.mx\/2025\/wp-content\/uploads\/2025\/07\/514025318_1135295195298906_8260620431726689803_n.jpg",1024,768,false],"1536x1536":["https:\/\/alquite.com.mx\/2025\/wp-content\/uploads\/2025\/07\/514025318_1135295195298906_8260620431726689803_n.jpg",1024,768,false],"2048x2048":["https:\/\/alquite.com.mx\/2025\/wp-content\/uploads\/2025\/07\/514025318_1135295195298906_8260620431726689803_n.jpg",1024,768,false]},"uagb_author_info":{"display_name":"admin","author_link":"https:\/\/alquite.com.mx\/2025\/author\/admin\/"},"uagb_comment_info":0,"uagb_excerpt":"Cadetes de la Universidad de la Polic\u00eda y Ciencias de la Seguridad de Aguascalientes asistieron a la sesi\u00f3n solemne de [&hellip;]","_links":{"self":[{"href":"https:\/\/alquite.com.mx\/2025\/wp-json\/wp\/v2\/posts\/4188","targetHints":{"allow":["GET"]}}],"collection":[{"href":"https:\/\/alquite.com.mx\/2025\/wp-json\/wp\/v2\/posts"}],"about":[{"href":"https:\/\/alquite.com.mx\/2025\/wp-json\/wp\/v2\/types\/post"}],"author":[{"embeddable":true,"href":"https:\/\/alquite.com.mx\/2025\/wp-json\/wp\/v2\/users\/1"}],"replies":[{"embeddable":true,"href":"https:\/\/alquite.com.mx\/2025\/wp-json\/wp\/v2\/comments?post=4188"}],"version-history":[{"count":1,"href":"https:\/\/alquite.com.mx\/2025\/wp-json\/wp\/v2\/posts\/4188\/revisions"}],"predecessor-version":[{"id":4191,"href":"https:\/\/alquite.com.mx\/2025\/wp-json\/wp\/v2\/posts\/4188\/revisions\/4191"}],"wp:featuredmedia":[{"embeddable":true,"href":"https:\/\/alquite.com.mx\/2025\/wp-json\/wp\/v2\/media\/4189"}],"wp:attachment":[{"href":"https:\/\/alquite.com.mx\/2025\/wp-json\/wp\/v2\/media?parent=4188"}],"wp:term":[{"taxonomy":"category","embeddable":true,"href":"https:\/\/alquite.com.mx\/2025\/wp-json\/wp\/v2\/categories?post=4188"},{"taxonomy":"post_tag","embeddable":true,"href":"https:\/\/alquite.com.mx\/2025\/wp-json\/wp\/v2\/tags?post=4188"}],"curies":[{"name":"wp","href":"https:\/\/api.w.org\/{rel}","templated":true}]}}