{"id":4159,"date":"2025-06-29T05:15:50","date_gmt":"2025-06-29T11:15:50","guid":{"rendered":"https:\/\/alquite.com.mx\/2025\/?p=4159"},"modified":"2025-07-01T05:18:28","modified_gmt":"2025-07-01T11:18:28","slug":"descubre-el-arte-y-la-historia-en-museo-espacio","status":"publish","type":"post","link":"https:\/\/alquite.com.mx\/2025\/descubre-el-arte-y-la-historia-en-museo-espacio\/","title":{"rendered":"Descubre el arte y la historia en Museo Espacio"},"content":{"rendered":"\n<p>Museo Espacio te invita a recorrer dos exposiciones imperdibles: <em>Memorias de Museo Espacio: los simbolismos de Jannis Kounellis<\/em> y <em>El cartel como memoria del mundo<\/em>. Ambas muestras ofrecen una mirada profunda al arte contempor\u00e1neo y al valor hist\u00f3rico del dise\u00f1o gr\u00e1fico como herramienta de memoria colectiva.<\/p>\n\n\n\n<p>Las exposiciones est\u00e1n disponibles de mi\u00e9rcoles a domingo, en un horario de 11:00 a 18:00 h, en Av. Manuel G\u00f3mez Morin, dentro de los Antiguos Talleres del Ferrocarril, en el tradicional Barrio de la Estaci\u00f3n. La entrada es libre todos los domingos, una excelente oportunidad para sumergirte en el arte y la cultura de forma gratuita.<\/p>\n\n\n\n<figure class=\"wp-block-gallery has-nested-images columns-default is-cropped wp-block-gallery-1 is-layout-flex wp-block-gallery-is-layout-flex\">\n<figure class=\"wp-block-image size-large\"><img fetchpriority=\"high\" decoding=\"async\" width=\"720\" height=\"720\" data-id=\"4165\" src=\"https:\/\/alquite.com.mx\/2025\/wp-content\/uploads\/2025\/07\/1-1.jpg\" alt=\"\" class=\"wp-image-4165\" srcset=\"https:\/\/alquite.com.mx\/2025\/wp-content\/uploads\/2025\/07\/1-1.jpg 720w, https:\/\/alquite.com.mx\/2025\/wp-content\/uploads\/2025\/07\/1-1-300x300.jpg 300w, https:\/\/alquite.com.mx\/2025\/wp-content\/uploads\/2025\/07\/1-1-150x150.jpg 150w\" sizes=\"(max-width: 720px) 100vw, 720px\" \/><\/figure>\n\n\n\n<figure class=\"wp-block-image size-large\"><img decoding=\"async\" width=\"720\" height=\"480\" data-id=\"4164\" src=\"https:\/\/alquite.com.mx\/2025\/wp-content\/uploads\/2025\/07\/2-1.jpg\" alt=\"\" class=\"wp-image-4164\" srcset=\"https:\/\/alquite.com.mx\/2025\/wp-content\/uploads\/2025\/07\/2-1.jpg 720w, https:\/\/alquite.com.mx\/2025\/wp-content\/uploads\/2025\/07\/2-1-300x200.jpg 300w\" sizes=\"(max-width: 720px) 100vw, 720px\" \/><\/figure>\n\n\n\n<figure class=\"wp-block-image size-large\"><img decoding=\"async\" width=\"720\" height=\"900\" data-id=\"4163\" src=\"https:\/\/alquite.com.mx\/2025\/wp-content\/uploads\/2025\/07\/3-1.jpg\" alt=\"\" class=\"wp-image-4163\" srcset=\"https:\/\/alquite.com.mx\/2025\/wp-content\/uploads\/2025\/07\/3-1.jpg 720w, https:\/\/alquite.com.mx\/2025\/wp-content\/uploads\/2025\/07\/3-1-240x300.jpg 240w\" sizes=\"(max-width: 720px) 100vw, 720px\" \/><\/figure>\n<\/figure>\n","protected":false},"excerpt":{"rendered":"<p>Museo Espacio te invita a recorrer dos exposiciones imperdibles: Memorias de Museo Espacio: los simbolismos de Jannis Kounellis y El [&hellip;]<\/p>\n","protected":false},"author":1,"featured_media":4161,"comment_status":"closed","ping_status":"open","sticky":false,"template":"","format":"standard","meta":{"_uag_custom_page_level_css":"","site-sidebar-layout":"default","site-content-layout":"","ast-site-content-layout":"","site-content-style":"default","site-sidebar-style":"default","ast-global-header-display":"","ast-banner-title-visibility":"","ast-main-header-display":"","ast-hfb-above-header-display":"","ast-hfb-below-header-display":"","ast-hfb-mobile-header-display":"","site-post-title":"","ast-breadcrumbs-content":"","ast-featured-img":"","footer-sml-layout":"","theme-transparent-header-meta":"","adv-header-id-meta":"","stick-header-meta":"","header-above-stick-meta":"","header-main-stick-meta":"","header-below-stick-meta":"","astra-migrate-meta-layouts":"default","ast-page-background-enabled":"default","ast-page-background-meta":{"desktop":{"background-color":"var(--ast-global-color-4)","background-image":"","background-repeat":"repeat","background-position":"center center","background-size":"auto","background-attachment":"scroll","background-type":"","background-media":"","overlay-type":"","overlay-color":"","overlay-opacity":"","overlay-gradient":""},"tablet":{"background-color":"","background-image":"","background-repeat":"repeat","background-position":"center center","background-size":"auto","background-attachment":"scroll","background-type":"","background-media":"","overlay-type":"","overlay-color":"","overlay-opacity":"","overlay-gradient":""},"mobile":{"background-color":"","background-image":"","background-repeat":"repeat","background-position":"center center","background-size":"auto","background-attachment":"scroll","background-type":"","background-media":"","overlay-type":"","overlay-color":"","overlay-opacity":"","overlay-gradient":""}},"ast-content-background-meta":{"desktop":{"background-color":"var(--ast-global-color-5)","background-image":"","background-repeat":"repeat","background-position":"center center","background-size":"auto","background-attachment":"scroll","background-type":"","background-media":"","overlay-type":"","overlay-color":"","overlay-opacity":"","overlay-gradient":""},"tablet":{"background-color":"var(--ast-global-color-5)","background-image":"","background-repeat":"repeat","background-position":"center center","background-size":"auto","background-attachment":"scroll","background-type":"","background-media":"","overlay-type":"","overlay-color":"","overlay-opacity":"","overlay-gradient":""},"mobile":{"background-color":"var(--ast-global-color-5)","background-image":"","background-repeat":"repeat","background-position":"center center","background-size":"auto","background-attachment":"scroll","background-type":"","background-media":"","overlay-type":"","overlay-color":"","overlay-opacity":"","overlay-gradient":""}},"footnotes":""},"categories":[6,12,11],"tags":[],"class_list":["post-4159","post","type-post","status-publish","format-standard","has-post-thumbnail","hentry","category-nacionales","category-noticia-destacada","category-noticias"],"uagb_featured_image_src":{"full":["https:\/\/alquite.com.mx\/2025\/wp-content\/uploads\/2025\/07\/2.jpg",720,480,false],"thumbnail":["https:\/\/alquite.com.mx\/2025\/wp-content\/uploads\/2025\/07\/2-150x150.jpg",150,150,true],"medium":["https:\/\/alquite.com.mx\/2025\/wp-content\/uploads\/2025\/07\/2-300x200.jpg",300,200,true],"medium_large":["https:\/\/alquite.com.mx\/2025\/wp-content\/uploads\/2025\/07\/2.jpg",720,480,false],"large":["https:\/\/alquite.com.mx\/2025\/wp-content\/uploads\/2025\/07\/2.jpg",720,480,false],"1536x1536":["https:\/\/alquite.com.mx\/2025\/wp-content\/uploads\/2025\/07\/2.jpg",720,480,false],"2048x2048":["https:\/\/alquite.com.mx\/2025\/wp-content\/uploads\/2025\/07\/2.jpg",720,480,false]},"uagb_author_info":{"display_name":"admin","author_link":"https:\/\/alquite.com.mx\/2025\/author\/admin\/"},"uagb_comment_info":0,"uagb_excerpt":"Museo Espacio te invita a recorrer dos exposiciones imperdibles: Memorias de Museo Espacio: los simbolismos de Jannis Kounellis y El [&hellip;]","_links":{"self":[{"href":"https:\/\/alquite.com.mx\/2025\/wp-json\/wp\/v2\/posts\/4159","targetHints":{"allow":["GET"]}}],"collection":[{"href":"https:\/\/alquite.com.mx\/2025\/wp-json\/wp\/v2\/posts"}],"about":[{"href":"https:\/\/alquite.com.mx\/2025\/wp-json\/wp\/v2\/types\/post"}],"author":[{"embeddable":true,"href":"https:\/\/alquite.com.mx\/2025\/wp-json\/wp\/v2\/users\/1"}],"replies":[{"embeddable":true,"href":"https:\/\/alquite.com.mx\/2025\/wp-json\/wp\/v2\/comments?post=4159"}],"version-history":[{"count":1,"href":"https:\/\/alquite.com.mx\/2025\/wp-json\/wp\/v2\/posts\/4159\/revisions"}],"predecessor-version":[{"id":4166,"href":"https:\/\/alquite.com.mx\/2025\/wp-json\/wp\/v2\/posts\/4159\/revisions\/4166"}],"wp:featuredmedia":[{"embeddable":true,"href":"https:\/\/alquite.com.mx\/2025\/wp-json\/wp\/v2\/media\/4161"}],"wp:attachment":[{"href":"https:\/\/alquite.com.mx\/2025\/wp-json\/wp\/v2\/media?parent=4159"}],"wp:term":[{"taxonomy":"category","embeddable":true,"href":"https:\/\/alquite.com.mx\/2025\/wp-json\/wp\/v2\/categories?post=4159"},{"taxonomy":"post_tag","embeddable":true,"href":"https:\/\/alquite.com.mx\/2025\/wp-json\/wp\/v2\/tags?post=4159"}],"curies":[{"name":"wp","href":"https:\/\/api.w.org\/{rel}","templated":true}]}}