{"id":4099,"date":"2025-06-30T20:56:09","date_gmt":"2025-07-01T02:56:09","guid":{"rendered":"https:\/\/alquite.com.mx\/2025\/?p=4099"},"modified":"2025-06-30T20:56:12","modified_gmt":"2025-07-01T02:56:12","slug":"joselito-adame-brilla-en-burgos-con-oreja-y-vuelta-al-ruedo","status":"publish","type":"post","link":"https:\/\/alquite.com.mx\/2025\/joselito-adame-brilla-en-burgos-con-oreja-y-vuelta-al-ruedo\/","title":{"rendered":"Joselito Adame brilla en Burgos con oreja y vuelta al ruedo"},"content":{"rendered":"\n<p>En el Coliseum de Burgos Joselito Adame volvi\u00f3 a demostrar por qu\u00e9 es uno de los grandes referentes del toreo mexicano en Europa. Frente a un lleno espectacular (\u00abno hay billetes\u00bb), el hidroc\u00e1lido firm\u00f3 una tarde de entrega y torer\u00eda, obteniendo una oreja con fuerza y una vuelta al ruedo muy aplaudida.<\/p>\n\n\n\n<p>El festejo se desarroll\u00f3 con un encierro de El Parralejo, de presentaci\u00f3n desigual y exigente, que no facilit\u00f3 el lucimiento de los diestros Joselito abri\u00f3 plaza con un toro que result\u00f3 noble pero con poca transmisi\u00f3n. En una faena serena y variada, destacaron un ce\u00f1ido saludo a la ver\u00f3nica, un cierre por ayudados, la estocada desat\u00f3 los aplausos, aunque el palco no concedi\u00f3 la oreja tras la fueerte petici\u00f3n<\/p>\n\n\n\n<p>Su labor m\u00e1s destacada lleg\u00f3 ante el cuarto, un sobrero de buen comportamiento. Con muletazos de distancia larga y mano baja, construy\u00f3 una faena medida y elegante, rematada con manoletinas y una estocada en buen sitio, lo que le vali\u00f3 la oreja de peso.<\/p>\n\n\n\n<p>La plaza colg\u00f3 el cartel de \u201cno hay billetes\u201d, reflejo del inter\u00e9s y la expectaci\u00f3n despertados por la terna conformada por Joselito, Roca Rey y Jarocho, as\u00ed como por las condiciones del encierro<\/p>\n\n\n\n<p>Ficha del festejo<br>Plaza: Coliseum de Burgos \u2013 Segunda de la Feria de San Pedro y San Pablo (lleno total). Ganader\u00eda: El Parralejo (primero y sobrero destacados<\/p>\n\n\n\n<p>&nbsp;Joselito Adame: Ovaci\u00f3n tras petici\u00f3n, Oreja<\/p>\n\n\n\n<p>&nbsp;Roca Rey: Oreja tras aviso, Palmas<\/p>\n\n\n\n<p>&nbsp;Jarocho: Ovaci\u00f3n tras aviso, Palmas<\/p>\n\n\n\n<p>Con esta actuaci\u00f3n, Joselito Adame reafirma su fuerza y estatus en el panorama taurino europeo, consolidando su conexi\u00f3n con el p\u00fablico burgal\u00e9s y sumando un nuevo \u00e9xito m\u00e1s a su fruct\u00edfera campa\u00f1a europea.<\/p>\n","protected":false},"excerpt":{"rendered":"<p>En el Coliseum de Burgos Joselito Adame volvi\u00f3 a demostrar por qu\u00e9 es uno de los grandes referentes del toreo [&hellip;]<\/p>\n","protected":false},"author":1,"featured_media":4100,"comment_status":"closed","ping_status":"open","sticky":false,"template":"","format":"standard","meta":{"_uag_custom_page_level_css":"","site-sidebar-layout":"default","site-content-layout":"","ast-site-content-layout":"","site-content-style":"default","site-sidebar-style":"default","ast-global-header-display":"","ast-banner-title-visibility":"","ast-main-header-display":"","ast-hfb-above-header-display":"","ast-hfb-below-header-display":"","ast-hfb-mobile-header-display":"","site-post-title":"","ast-breadcrumbs-content":"","ast-featured-img":"","footer-sml-layout":"","theme-transparent-header-meta":"","adv-header-id-meta":"","stick-header-meta":"","header-above-stick-meta":"","header-main-stick-meta":"","header-below-stick-meta":"","astra-migrate-meta-layouts":"default","ast-page-background-enabled":"default","ast-page-background-meta":{"desktop":{"background-color":"var(--ast-global-color-4)","background-image":"","background-repeat":"repeat","background-position":"center center","background-size":"auto","background-attachment":"scroll","background-type":"","background-media":"","overlay-type":"","overlay-color":"","overlay-opacity":"","overlay-gradient":""},"tablet":{"background-color":"","background-image":"","background-repeat":"repeat","background-position":"center center","background-size":"auto","background-attachment":"scroll","background-type":"","background-media":"","overlay-type":"","overlay-color":"","overlay-opacity":"","overlay-gradient":""},"mobile":{"background-color":"","background-image":"","background-repeat":"repeat","background-position":"center center","background-size":"auto","background-attachment":"scroll","background-type":"","background-media":"","overlay-type":"","overlay-color":"","overlay-opacity":"","overlay-gradient":""}},"ast-content-background-meta":{"desktop":{"background-color":"var(--ast-global-color-5)","background-image":"","background-repeat":"repeat","background-position":"center center","background-size":"auto","background-attachment":"scroll","background-type":"","background-media":"","overlay-type":"","overlay-color":"","overlay-opacity":"","overlay-gradient":""},"tablet":{"background-color":"var(--ast-global-color-5)","background-image":"","background-repeat":"repeat","background-position":"center center","background-size":"auto","background-attachment":"scroll","background-type":"","background-media":"","overlay-type":"","overlay-color":"","overlay-opacity":"","overlay-gradient":""},"mobile":{"background-color":"var(--ast-global-color-5)","background-image":"","background-repeat":"repeat","background-position":"center center","background-size":"auto","background-attachment":"scroll","background-type":"","background-media":"","overlay-type":"","overlay-color":"","overlay-opacity":"","overlay-gradient":""}},"footnotes":""},"categories":[6,12,11],"tags":[],"class_list":["post-4099","post","type-post","status-publish","format-standard","has-post-thumbnail","hentry","category-nacionales","category-noticia-destacada","category-noticias"],"uagb_featured_image_src":{"full":["https:\/\/alquite.com.mx\/2025\/wp-content\/uploads\/2025\/06\/514778078_1135921375219330_3326116569961310678_n.jpg",1024,683,false],"thumbnail":["https:\/\/alquite.com.mx\/2025\/wp-content\/uploads\/2025\/06\/514778078_1135921375219330_3326116569961310678_n-150x150.jpg",150,150,true],"medium":["https:\/\/alquite.com.mx\/2025\/wp-content\/uploads\/2025\/06\/514778078_1135921375219330_3326116569961310678_n-300x200.jpg",300,200,true],"medium_large":["https:\/\/alquite.com.mx\/2025\/wp-content\/uploads\/2025\/06\/514778078_1135921375219330_3326116569961310678_n-768x512.jpg",768,512,true],"large":["https:\/\/alquite.com.mx\/2025\/wp-content\/uploads\/2025\/06\/514778078_1135921375219330_3326116569961310678_n.jpg",1024,683,false],"1536x1536":["https:\/\/alquite.com.mx\/2025\/wp-content\/uploads\/2025\/06\/514778078_1135921375219330_3326116569961310678_n.jpg",1024,683,false],"2048x2048":["https:\/\/alquite.com.mx\/2025\/wp-content\/uploads\/2025\/06\/514778078_1135921375219330_3326116569961310678_n.jpg",1024,683,false]},"uagb_author_info":{"display_name":"admin","author_link":"https:\/\/alquite.com.mx\/2025\/author\/admin\/"},"uagb_comment_info":0,"uagb_excerpt":"En el Coliseum de Burgos Joselito Adame volvi\u00f3 a demostrar por qu\u00e9 es uno de los grandes referentes del toreo [&hellip;]","_links":{"self":[{"href":"https:\/\/alquite.com.mx\/2025\/wp-json\/wp\/v2\/posts\/4099","targetHints":{"allow":["GET"]}}],"collection":[{"href":"https:\/\/alquite.com.mx\/2025\/wp-json\/wp\/v2\/posts"}],"about":[{"href":"https:\/\/alquite.com.mx\/2025\/wp-json\/wp\/v2\/types\/post"}],"author":[{"embeddable":true,"href":"https:\/\/alquite.com.mx\/2025\/wp-json\/wp\/v2\/users\/1"}],"replies":[{"embeddable":true,"href":"https:\/\/alquite.com.mx\/2025\/wp-json\/wp\/v2\/comments?post=4099"}],"version-history":[{"count":1,"href":"https:\/\/alquite.com.mx\/2025\/wp-json\/wp\/v2\/posts\/4099\/revisions"}],"predecessor-version":[{"id":4101,"href":"https:\/\/alquite.com.mx\/2025\/wp-json\/wp\/v2\/posts\/4099\/revisions\/4101"}],"wp:featuredmedia":[{"embeddable":true,"href":"https:\/\/alquite.com.mx\/2025\/wp-json\/wp\/v2\/media\/4100"}],"wp:attachment":[{"href":"https:\/\/alquite.com.mx\/2025\/wp-json\/wp\/v2\/media?parent=4099"}],"wp:term":[{"taxonomy":"category","embeddable":true,"href":"https:\/\/alquite.com.mx\/2025\/wp-json\/wp\/v2\/categories?post=4099"},{"taxonomy":"post_tag","embeddable":true,"href":"https:\/\/alquite.com.mx\/2025\/wp-json\/wp\/v2\/tags?post=4099"}],"curies":[{"name":"wp","href":"https:\/\/api.w.org\/{rel}","templated":true}]}}