{"id":4084,"date":"2025-06-29T21:49:07","date_gmt":"2025-06-30T03:49:07","guid":{"rendered":"https:\/\/alquite.com.mx\/2025\/?p=4084"},"modified":"2025-06-29T21:49:09","modified_gmt":"2025-06-30T03:49:09","slug":"cielo-claro-un-espacio-de-atencion-psicologica-gratuita-para-ninas-y-ninos","status":"publish","type":"post","link":"https:\/\/alquite.com.mx\/2025\/cielo-claro-un-espacio-de-atencion-psicologica-gratuita-para-ninas-y-ninos\/","title":{"rendered":"Cielo Claro, un espacio de atenci\u00f3n psicol\u00f3gica gratuita para ni\u00f1as y ni\u00f1os"},"content":{"rendered":"\n<p id=\"viewer-8hwpi190\">Conscientes de que la salud mental es clave para el desarrollo integral de ni\u00f1as y ni\u00f1os, el Gobierno del Estado de Aguascalientes, a trav\u00e9s de la Direcci\u00f3n de Salud Mental y Adicciones, refuerza los servicios psicol\u00f3gicos para menores de edad, atendiendo con sensibilidad y profesionalismo las problem\u00e1ticas emocionales que enfrentan desde edades tempranas.<\/p>\n\n\n\n<p id=\"viewer-ua0jo175\">La Unidad de Psicoterapia Infantil Cielo Claro, con m\u00e1s de 25 a\u00f1os de trayectoria, es uno de los espacios especializados en brindar atenci\u00f3n a menores de entre tres y 15 a\u00f1os. Este centro, junto con otras cinco unidades de consulta externa y cuatro Centros de Salud Urbanos, forma parte de la red estatal que ofrece apoyo psicol\u00f3gico a los ni\u00f1os de Aguascalientes.<\/p>\n\n\n\n<p id=\"viewer-gfo7o177\">Los casos m\u00e1s comunes que se atienden incluyen trastornos del comportamiento, como irritabilidad, desobediencia y agresividad. Tambi\u00e9n se brinda atenci\u00f3n a ni\u00f1os con fobias (como miedo a la oscuridad o la escuela), as\u00ed como a quienes han sufrido maltrato, abandono o situaciones graves.<\/p>\n\n\n\n<p id=\"viewer-u3ag0179\">Asimismo, se da seguimiento a trastornos del neurodesarrollo, como el trastorno por d\u00e9ficit de atenci\u00f3n con hiperactividad (TDAH) y el trastorno del espectro autista, incluyendo asperger.<\/p>\n\n\n\n<p id=\"viewer-ioso2181\">Cabe destacar que Aguascalientes es pionero en el abordaje de temas complejos, en ni\u00f1os menores de 10 a\u00f1os.&nbsp;<\/p>\n\n\n\n<p id=\"viewer-4f9oc183\">Debido al crecimiento poblacional, la demanda de atenci\u00f3n psicol\u00f3gica infantil ha aumentado significativamente en los \u00faltimos a\u00f1os; por ello, el gobierno de Tere Jim\u00e9nez trabaja en la ampliaci\u00f3n y el fortalecimiento de los servicios, con el firme compromiso de proteger la salud emocional de los ni\u00f1os hidroc\u00e1lidos.<\/p>\n\n\n\n<p id=\"viewer-cta9r185\">Para m\u00e1s informes o atenci\u00f3n, la Unidad Cielo Claro est\u00e1 disponible en el tel\u00e9fono 449 153 09 81, en un horario de 8:00 a 20:00 horas.<\/p>\n\n\n\n<p><\/p>\n","protected":false},"excerpt":{"rendered":"<p>Conscientes de que la salud mental es clave para el desarrollo integral de ni\u00f1as y ni\u00f1os, el Gobierno del Estado [&hellip;]<\/p>\n","protected":false},"author":1,"featured_media":4085,"comment_status":"closed","ping_status":"open","sticky":false,"template":"","format":"standard","meta":{"_uag_custom_page_level_css":"","site-sidebar-layout":"default","site-content-layout":"","ast-site-content-layout":"","site-content-style":"default","site-sidebar-style":"default","ast-global-header-display":"","ast-banner-title-visibility":"","ast-main-header-display":"","ast-hfb-above-header-display":"","ast-hfb-below-header-display":"","ast-hfb-mobile-header-display":"","site-post-title":"","ast-breadcrumbs-content":"","ast-featured-img":"","footer-sml-layout":"","theme-transparent-header-meta":"","adv-header-id-meta":"","stick-header-meta":"","header-above-stick-meta":"","header-main-stick-meta":"","header-below-stick-meta":"","astra-migrate-meta-layouts":"default","ast-page-background-enabled":"default","ast-page-background-meta":{"desktop":{"background-color":"var(--ast-global-color-4)","background-image":"","background-repeat":"repeat","background-position":"center center","background-size":"auto","background-attachment":"scroll","background-type":"","background-media":"","overlay-type":"","overlay-color":"","overlay-opacity":"","overlay-gradient":""},"tablet":{"background-color":"","background-image":"","background-repeat":"repeat","background-position":"center center","background-size":"auto","background-attachment":"scroll","background-type":"","background-media":"","overlay-type":"","overlay-color":"","overlay-opacity":"","overlay-gradient":""},"mobile":{"background-color":"","background-image":"","background-repeat":"repeat","background-position":"center center","background-size":"auto","background-attachment":"scroll","background-type":"","background-media":"","overlay-type":"","overlay-color":"","overlay-opacity":"","overlay-gradient":""}},"ast-content-background-meta":{"desktop":{"background-color":"var(--ast-global-color-5)","background-image":"","background-repeat":"repeat","background-position":"center center","background-size":"auto","background-attachment":"scroll","background-type":"","background-media":"","overlay-type":"","overlay-color":"","overlay-opacity":"","overlay-gradient":""},"tablet":{"background-color":"var(--ast-global-color-5)","background-image":"","background-repeat":"repeat","background-position":"center center","background-size":"auto","background-attachment":"scroll","background-type":"","background-media":"","overlay-type":"","overlay-color":"","overlay-opacity":"","overlay-gradient":""},"mobile":{"background-color":"var(--ast-global-color-5)","background-image":"","background-repeat":"repeat","background-position":"center center","background-size":"auto","background-attachment":"scroll","background-type":"","background-media":"","overlay-type":"","overlay-color":"","overlay-opacity":"","overlay-gradient":""}},"footnotes":""},"categories":[6,12,11],"tags":[],"class_list":["post-4084","post","type-post","status-publish","format-standard","has-post-thumbnail","hentry","category-nacionales","category-noticia-destacada","category-noticias"],"uagb_featured_image_src":{"full":["https:\/\/alquite.com.mx\/2025\/wp-content\/uploads\/2025\/06\/WhatsApp-Image-2025-06-25-at-15.42.45-2.jpeg",720,480,false],"thumbnail":["https:\/\/alquite.com.mx\/2025\/wp-content\/uploads\/2025\/06\/WhatsApp-Image-2025-06-25-at-15.42.45-2-150x150.jpeg",150,150,true],"medium":["https:\/\/alquite.com.mx\/2025\/wp-content\/uploads\/2025\/06\/WhatsApp-Image-2025-06-25-at-15.42.45-2-300x200.jpeg",300,200,true],"medium_large":["https:\/\/alquite.com.mx\/2025\/wp-content\/uploads\/2025\/06\/WhatsApp-Image-2025-06-25-at-15.42.45-2.jpeg",720,480,false],"large":["https:\/\/alquite.com.mx\/2025\/wp-content\/uploads\/2025\/06\/WhatsApp-Image-2025-06-25-at-15.42.45-2.jpeg",720,480,false],"1536x1536":["https:\/\/alquite.com.mx\/2025\/wp-content\/uploads\/2025\/06\/WhatsApp-Image-2025-06-25-at-15.42.45-2.jpeg",720,480,false],"2048x2048":["https:\/\/alquite.com.mx\/2025\/wp-content\/uploads\/2025\/06\/WhatsApp-Image-2025-06-25-at-15.42.45-2.jpeg",720,480,false]},"uagb_author_info":{"display_name":"admin","author_link":"https:\/\/alquite.com.mx\/2025\/author\/admin\/"},"uagb_comment_info":0,"uagb_excerpt":"Conscientes de que la salud mental es clave para el desarrollo integral de ni\u00f1as y ni\u00f1os, el Gobierno del Estado [&hellip;]","_links":{"self":[{"href":"https:\/\/alquite.com.mx\/2025\/wp-json\/wp\/v2\/posts\/4084","targetHints":{"allow":["GET"]}}],"collection":[{"href":"https:\/\/alquite.com.mx\/2025\/wp-json\/wp\/v2\/posts"}],"about":[{"href":"https:\/\/alquite.com.mx\/2025\/wp-json\/wp\/v2\/types\/post"}],"author":[{"embeddable":true,"href":"https:\/\/alquite.com.mx\/2025\/wp-json\/wp\/v2\/users\/1"}],"replies":[{"embeddable":true,"href":"https:\/\/alquite.com.mx\/2025\/wp-json\/wp\/v2\/comments?post=4084"}],"version-history":[{"count":1,"href":"https:\/\/alquite.com.mx\/2025\/wp-json\/wp\/v2\/posts\/4084\/revisions"}],"predecessor-version":[{"id":4086,"href":"https:\/\/alquite.com.mx\/2025\/wp-json\/wp\/v2\/posts\/4084\/revisions\/4086"}],"wp:featuredmedia":[{"embeddable":true,"href":"https:\/\/alquite.com.mx\/2025\/wp-json\/wp\/v2\/media\/4085"}],"wp:attachment":[{"href":"https:\/\/alquite.com.mx\/2025\/wp-json\/wp\/v2\/media?parent=4084"}],"wp:term":[{"taxonomy":"category","embeddable":true,"href":"https:\/\/alquite.com.mx\/2025\/wp-json\/wp\/v2\/categories?post=4084"},{"taxonomy":"post_tag","embeddable":true,"href":"https:\/\/alquite.com.mx\/2025\/wp-json\/wp\/v2\/tags?post=4084"}],"curies":[{"name":"wp","href":"https:\/\/api.w.org\/{rel}","templated":true}]}}