{"id":4063,"date":"2025-06-28T23:35:55","date_gmt":"2025-06-29T05:35:55","guid":{"rendered":"https:\/\/alquite.com.mx\/2025\/?p=4063"},"modified":"2025-06-28T23:36:00","modified_gmt":"2025-06-29T05:36:00","slug":"tere-jimenez-acerca-oportunidades-a-las-familias-de-la-ribera-llevando-salud-educacion-y-alimentacion-a-quienes-mas-lo-necesitan","status":"publish","type":"post","link":"https:\/\/alquite.com.mx\/2025\/tere-jimenez-acerca-oportunidades-a-las-familias-de-la-ribera-llevando-salud-educacion-y-alimentacion-a-quienes-mas-lo-necesitan\/","title":{"rendered":"Tere Jim\u00e9nez acerca \u201coportunidades\u201d a las familias de la ribera, llevando salud, educaci\u00f3n y alimentaci\u00f3n a quienes m\u00e1s lo necesitan"},"content":{"rendered":"\n<p id=\"viewer-xmx59192\">San Francisco de los Romo vivi\u00f3 una jornada muy especial, llena de compromiso social. La gobernadora Tere Jim\u00e9nez visit\u00f3 la comunidad La Ribera para entregar apoyos del Programa \u201cOportunidades\u201d, un esfuerzo que ha transformado la vida de miles de familias en Aguascalientes.<\/p>\n\n\n\n<p id=\"viewer-d12q8175\">Este programa, que opera con recursos 100 por ciento estatales, busca garantizar que las familias m\u00e1s necesitadas tengan acceso a lo esencial: salud, educaci\u00f3n y alimentaci\u00f3n; porque nadie deber\u00eda quedarse atr\u00e1s.<\/p>\n\n\n\n<p id=\"viewer-oaqj3177\">\u201cHoy, estamos nuevamente aqu\u00ed en La Ribera, porque nos importa mucho que nuestras ni\u00f1as y ni\u00f1os tengan lo necesario para salir adelante. Hemos construido escuelas, la Comisar\u00eda de la Polic\u00eda Metropolitana, y les traemos el Programa \u2018Oportunidades\u2019, que incluye apoyo alimentario, becas educativas y atenci\u00f3n m\u00e9dica. Estos programas son para ustedes y sus familias. Aprovech\u00e9moslos, un\u00e1monos como comunidad y sigamos caminando juntos\u201d, dijo la gobernadora Tere Jim\u00e9nez con cercan\u00eda y calidez.<\/p>\n\n\n\n<p id=\"viewer-iw31h179\">Durante su visita, Tere entreg\u00f3 personalmente los apoyos a las familias, reafirmando su compromiso con la justicia social. Las y los beneficiarios recibieron con alegr\u00eda su afiliaci\u00f3n al Seguro Aguascalientes, que brinda atenci\u00f3n m\u00e9dica gratuita y de calidad, becas educativas para ni\u00f1as, ni\u00f1os y j\u00f3venes, y apoyos alimenticios con productos de la canasta b\u00e1sica para asegurar una alimentaci\u00f3n digna.<\/p>\n\n\n\n<p id=\"viewer-g0oz6181\">Adem\u00e1s, se llev\u00f3 a cabo el Programa \u201cCerca de Ti\u201d, donde diferentes dependencias del Gobierno estatal atendieron directamente a las y los habitantes, escuchando sus necesidades y ofreciendo soluciones.<\/p>\n\n\n\n<p id=\"viewer-h234n183\">Yessica Yesenia Rosales Rodr\u00edguez habl\u00f3 en nombre de las familias beneficiadas:<\/p>\n\n\n\n<p id=\"viewer-rnf31185\">\u201cMuchas familias hemos sido apoyadas con el Programa \u2018Oportunidades\u2019, que nos ha abierto la puerta a una vida con m\u00e1s salud, educaci\u00f3n y esperanza. Gracias, Tere, por tu cercan\u00eda y por mostrar siempre tu lado humano, por impulsar programas que realmente necesitamos\u201d, expres\u00f3.<\/p>\n\n\n\n<p id=\"viewer-5y2l6187\">Acompa\u00f1aron a la gobernadora, Aurora Jim\u00e9nez Esquivel, primera voluntaria y presidenta del DIF Estatal; Margarita Gallegos Soto, presidenta municipal de San Francisco de los Romo; To\u00f1o Mart\u00edn del Campo, senador de la Rep\u00fablica; Bety Montoya, diputada local; Patricia Castillo Romero, secretaria de Desarrollo Social; Luis Enrique Guti\u00e9rrez Reynoso, director general del Instituto de Educaci\u00f3n de Aguascalientes; Jos\u00e9 Antonio Abad Mena, director general del Instituto de Beneficencia P\u00fablica del Estado; Alejandro Monreal D\u00e1vila, director general del Instituto de Educaci\u00f3n para las Personas J\u00f3venes y Adultas del Estado; Mar\u00eda de Jes\u00fas Ram\u00edrez Castro, directora general del Instituto Aguascalentense de las Personas Adultas Mayores; Natzielly Rodr\u00edguez Calzada, titular del Instituto Aguascalentense de las Personas Migrantes, y Juan Jos\u00e9 Romo Pav\u00f3n, director general del Sistema de Financiamiento de Aguascalientes.<\/p>\n","protected":false},"excerpt":{"rendered":"<p>San Francisco de los Romo vivi\u00f3 una jornada muy especial, llena de compromiso social. La gobernadora Tere Jim\u00e9nez visit\u00f3 la [&hellip;]<\/p>\n","protected":false},"author":1,"featured_media":4064,"comment_status":"closed","ping_status":"open","sticky":false,"template":"","format":"standard","meta":{"_uag_custom_page_level_css":"","site-sidebar-layout":"default","site-content-layout":"","ast-site-content-layout":"","site-content-style":"default","site-sidebar-style":"default","ast-global-header-display":"","ast-banner-title-visibility":"","ast-main-header-display":"","ast-hfb-above-header-display":"","ast-hfb-below-header-display":"","ast-hfb-mobile-header-display":"","site-post-title":"","ast-breadcrumbs-content":"","ast-featured-img":"","footer-sml-layout":"","theme-transparent-header-meta":"","adv-header-id-meta":"","stick-header-meta":"","header-above-stick-meta":"","header-main-stick-meta":"","header-below-stick-meta":"","astra-migrate-meta-layouts":"default","ast-page-background-enabled":"default","ast-page-background-meta":{"desktop":{"background-color":"var(--ast-global-color-4)","background-image":"","background-repeat":"repeat","background-position":"center center","background-size":"auto","background-attachment":"scroll","background-type":"","background-media":"","overlay-type":"","overlay-color":"","overlay-opacity":"","overlay-gradient":""},"tablet":{"background-color":"","background-image":"","background-repeat":"repeat","background-position":"center center","background-size":"auto","background-attachment":"scroll","background-type":"","background-media":"","overlay-type":"","overlay-color":"","overlay-opacity":"","overlay-gradient":""},"mobile":{"background-color":"","background-image":"","background-repeat":"repeat","background-position":"center center","background-size":"auto","background-attachment":"scroll","background-type":"","background-media":"","overlay-type":"","overlay-color":"","overlay-opacity":"","overlay-gradient":""}},"ast-content-background-meta":{"desktop":{"background-color":"var(--ast-global-color-5)","background-image":"","background-repeat":"repeat","background-position":"center center","background-size":"auto","background-attachment":"scroll","background-type":"","background-media":"","overlay-type":"","overlay-color":"","overlay-opacity":"","overlay-gradient":""},"tablet":{"background-color":"var(--ast-global-color-5)","background-image":"","background-repeat":"repeat","background-position":"center center","background-size":"auto","background-attachment":"scroll","background-type":"","background-media":"","overlay-type":"","overlay-color":"","overlay-opacity":"","overlay-gradient":""},"mobile":{"background-color":"var(--ast-global-color-5)","background-image":"","background-repeat":"repeat","background-position":"center center","background-size":"auto","background-attachment":"scroll","background-type":"","background-media":"","overlay-type":"","overlay-color":"","overlay-opacity":"","overlay-gradient":""}},"footnotes":""},"categories":[6,12,11],"tags":[],"class_list":["post-4063","post","type-post","status-publish","format-standard","has-post-thumbnail","hentry","category-nacionales","category-noticia-destacada","category-noticias"],"uagb_featured_image_src":{"full":["https:\/\/alquite.com.mx\/2025\/wp-content\/uploads\/2025\/06\/WhatsApp-Image-2025-06-28-at-13.47.08-1.jpeg",1024,683,false],"thumbnail":["https:\/\/alquite.com.mx\/2025\/wp-content\/uploads\/2025\/06\/WhatsApp-Image-2025-06-28-at-13.47.08-1-150x150.jpeg",150,150,true],"medium":["https:\/\/alquite.com.mx\/2025\/wp-content\/uploads\/2025\/06\/WhatsApp-Image-2025-06-28-at-13.47.08-1-300x200.jpeg",300,200,true],"medium_large":["https:\/\/alquite.com.mx\/2025\/wp-content\/uploads\/2025\/06\/WhatsApp-Image-2025-06-28-at-13.47.08-1-768x512.jpeg",768,512,true],"large":["https:\/\/alquite.com.mx\/2025\/wp-content\/uploads\/2025\/06\/WhatsApp-Image-2025-06-28-at-13.47.08-1.jpeg",1024,683,false],"1536x1536":["https:\/\/alquite.com.mx\/2025\/wp-content\/uploads\/2025\/06\/WhatsApp-Image-2025-06-28-at-13.47.08-1.jpeg",1024,683,false],"2048x2048":["https:\/\/alquite.com.mx\/2025\/wp-content\/uploads\/2025\/06\/WhatsApp-Image-2025-06-28-at-13.47.08-1.jpeg",1024,683,false]},"uagb_author_info":{"display_name":"admin","author_link":"https:\/\/alquite.com.mx\/2025\/author\/admin\/"},"uagb_comment_info":0,"uagb_excerpt":"San Francisco de los Romo vivi\u00f3 una jornada muy especial, llena de compromiso social. La gobernadora Tere Jim\u00e9nez visit\u00f3 la [&hellip;]","_links":{"self":[{"href":"https:\/\/alquite.com.mx\/2025\/wp-json\/wp\/v2\/posts\/4063","targetHints":{"allow":["GET"]}}],"collection":[{"href":"https:\/\/alquite.com.mx\/2025\/wp-json\/wp\/v2\/posts"}],"about":[{"href":"https:\/\/alquite.com.mx\/2025\/wp-json\/wp\/v2\/types\/post"}],"author":[{"embeddable":true,"href":"https:\/\/alquite.com.mx\/2025\/wp-json\/wp\/v2\/users\/1"}],"replies":[{"embeddable":true,"href":"https:\/\/alquite.com.mx\/2025\/wp-json\/wp\/v2\/comments?post=4063"}],"version-history":[{"count":1,"href":"https:\/\/alquite.com.mx\/2025\/wp-json\/wp\/v2\/posts\/4063\/revisions"}],"predecessor-version":[{"id":4065,"href":"https:\/\/alquite.com.mx\/2025\/wp-json\/wp\/v2\/posts\/4063\/revisions\/4065"}],"wp:featuredmedia":[{"embeddable":true,"href":"https:\/\/alquite.com.mx\/2025\/wp-json\/wp\/v2\/media\/4064"}],"wp:attachment":[{"href":"https:\/\/alquite.com.mx\/2025\/wp-json\/wp\/v2\/media?parent=4063"}],"wp:term":[{"taxonomy":"category","embeddable":true,"href":"https:\/\/alquite.com.mx\/2025\/wp-json\/wp\/v2\/categories?post=4063"},{"taxonomy":"post_tag","embeddable":true,"href":"https:\/\/alquite.com.mx\/2025\/wp-json\/wp\/v2\/tags?post=4063"}],"curies":[{"name":"wp","href":"https:\/\/api.w.org\/{rel}","templated":true}]}}