{"id":4051,"date":"2025-06-27T20:23:46","date_gmt":"2025-06-28T02:23:46","guid":{"rendered":"https:\/\/alquite.com.mx\/2025\/?p=4051"},"modified":"2025-06-27T20:23:49","modified_gmt":"2025-06-28T02:23:49","slug":"tere-jimenez-inaugura-la-tercera-etapa-del-centro-comercial-mas-grande-del-sur-meridiam-park-la-inversion-total-es-de-1500-millones-de-pesos","status":"publish","type":"post","link":"https:\/\/alquite.com.mx\/2025\/tere-jimenez-inaugura-la-tercera-etapa-del-centro-comercial-mas-grande-del-sur-meridiam-park-la-inversion-total-es-de-1500-millones-de-pesos\/","title":{"rendered":"Tere Jim\u00e9nez inaugura la tercera etapa del centro comercial m\u00e1s grande del sur: Meridiam Park; la inversi\u00f3n total es de 1,500 millones de pesos"},"content":{"rendered":"\n<p id=\"viewer-99zt3179\">La gobernadora de Aguascalientes, Tere Jim\u00e9nez, inaugur\u00f3 la tercera etapa del centro comercial Meridiam Park, ubicado al sur de la ciudad y cuya inversi\u00f3n alcanz\u00f3 los 1,500 millones de pesos y la generaci\u00f3n de 1,200 empleos directos e indirectos.<\/p>\n\n\n\n<p id=\"viewer-uzem6181\">\u201cHoy, se ha desarrollado el distrito comercial mixto m\u00e1s grande del sur de Aguascalientes; este espacio re\u00fane dinamismo, oportunidades y una amplia oferta comercial y de entretenimiento. Aguascalientes est\u00e1 preparado para seguir siendo l\u00edder en el desarrollo regional, con espacios dignos y modernos\u201d, destac\u00f3 la gobernadora.<\/p>\n\n\n\n<p id=\"viewer-fsirw183\">Durante el evento, Tere Jim\u00e9nez realiz\u00f3 el corte de list\u00f3n inaugural de diversos espacios dentro del Meridiam Park, como CineTop, una cadena de clase mundial con cinco salas de cine, que tambi\u00e9n funcionar\u00e1 como centro de conferencias; as\u00ed como de la Guarder\u00eda Infantil Do Re Mi, afiliada al Instituto Mexicano del Seguro Social (IMSS), que ofrece a madres y padres trabajadores una opci\u00f3n cercana.<\/p>\n\n\n\n<p id=\"viewer-mkbqr185\">Cabe destacar que Meridiam Park actualmente tambi\u00e9n cuenta con el hotel Marriott Fairfield Inn &amp; Suites, con 141 habitaciones; tiendas de autoservicio de talla internacional, como Walmart; locales comerciales; la zona de comida Distrito Asia; el centro de entretenimiento Xtreme Park; Fitsi Aguascalientes, el gimnasio m\u00e1s grande de la zona, entre otros.<\/p>\n\n\n\n<p id=\"viewer-1kmsm187\">El secretario de Desarrollo Econ\u00f3mico, Ciencia y Tecnolog\u00eda, Esa\u00fa Garza de Vega, se\u00f1al\u00f3 que este proyecto creci\u00f3 debido al incremento en la demanda de servicios y espacios, y afirm\u00f3 que detona el desarrollo en la zona sur, donde existe una gran oportunidad de ofrecer lugares de esparcimiento, comida, deporte, entre otros.<\/p>\n\n\n\n<p id=\"viewer-kp6nf189\">\u201cVamos a continuar acompa\u00f1ando estos proyectos que aportan valor y ayudan al desempe\u00f1o de nuestro estado. Aguascalientes se convierte, sin duda, en un referente para las inversiones que se est\u00e1n realizando\u201d, resalt\u00f3 Garza de Vega.<\/p>\n\n\n\n<p id=\"viewer-vezsw191\">Francisco Xavier Navarro Villegas, director de Operaciones del Fondo de Meridiam Park, destac\u00f3 que decidieron invertir en Aguascalientes por su gente buena y trabajadora, la visi\u00f3n empresarial, la seguridad y la certeza jur\u00eddica con que cuenta el estado. Indic\u00f3 que este desarrollo no habr\u00eda sido posible sin la colaboraci\u00f3n y apertura del Gobierno del Estado.<\/p>\n\n\n\n<p id=\"viewer-l11az193\">\u201cHoy, Aguascalientes es un estado fuerte, con visi\u00f3n de progreso, y ahora el estado cuenta con un nuevo sur. Aqu\u00ed, una persona puede comer y cenar con la libertad de sentirse segura y pasar un momento agradable en familia\u201d, apunt\u00f3 Navarro Villegas.<\/p>\n\n\n\n<p id=\"viewer-imlnx195\">Finalmente, invit\u00f3 a las familias a visitar Meridiam Park, ubicado en la av. Paseo de San Gerardo No. 111, en la ciudad capital.<\/p>\n\n\n\n<p id=\"viewer-ojhff197\">En el evento, tambi\u00e9n estuvieron presentes Humberto Montero de Alba, diputado local; Bernardo Lew, director de Construcci\u00f3n de Meridiam Park; Jos\u00e9 Lew, director de Dise\u00f1o de Meridiam Park; Misael Ley Mej\u00eda, titular del \u00d3rgano de Operaci\u00f3n Administrativa Desconcentrada del IMSS en Aguascalientes; Jos\u00e9 Juan S\u00e1nchez Barba, coordinador general de Gabinete, y Luis Roberto Alves \u201cZague\u201d, exfutbolista profesional y comentarista deportivo.<\/p>\n","protected":false},"excerpt":{"rendered":"<p>La gobernadora de Aguascalientes, Tere Jim\u00e9nez, inaugur\u00f3 la tercera etapa del centro comercial Meridiam Park, ubicado al sur de la [&hellip;]<\/p>\n","protected":false},"author":1,"featured_media":4052,"comment_status":"closed","ping_status":"open","sticky":false,"template":"","format":"standard","meta":{"_uag_custom_page_level_css":"","site-sidebar-layout":"default","site-content-layout":"","ast-site-content-layout":"","site-content-style":"default","site-sidebar-style":"default","ast-global-header-display":"","ast-banner-title-visibility":"","ast-main-header-display":"","ast-hfb-above-header-display":"","ast-hfb-below-header-display":"","ast-hfb-mobile-header-display":"","site-post-title":"","ast-breadcrumbs-content":"","ast-featured-img":"","footer-sml-layout":"","theme-transparent-header-meta":"","adv-header-id-meta":"","stick-header-meta":"","header-above-stick-meta":"","header-main-stick-meta":"","header-below-stick-meta":"","astra-migrate-meta-layouts":"default","ast-page-background-enabled":"default","ast-page-background-meta":{"desktop":{"background-color":"var(--ast-global-color-4)","background-image":"","background-repeat":"repeat","background-position":"center center","background-size":"auto","background-attachment":"scroll","background-type":"","background-media":"","overlay-type":"","overlay-color":"","overlay-opacity":"","overlay-gradient":""},"tablet":{"background-color":"","background-image":"","background-repeat":"repeat","background-position":"center center","background-size":"auto","background-attachment":"scroll","background-type":"","background-media":"","overlay-type":"","overlay-color":"","overlay-opacity":"","overlay-gradient":""},"mobile":{"background-color":"","background-image":"","background-repeat":"repeat","background-position":"center center","background-size":"auto","background-attachment":"scroll","background-type":"","background-media":"","overlay-type":"","overlay-color":"","overlay-opacity":"","overlay-gradient":""}},"ast-content-background-meta":{"desktop":{"background-color":"var(--ast-global-color-5)","background-image":"","background-repeat":"repeat","background-position":"center center","background-size":"auto","background-attachment":"scroll","background-type":"","background-media":"","overlay-type":"","overlay-color":"","overlay-opacity":"","overlay-gradient":""},"tablet":{"background-color":"var(--ast-global-color-5)","background-image":"","background-repeat":"repeat","background-position":"center center","background-size":"auto","background-attachment":"scroll","background-type":"","background-media":"","overlay-type":"","overlay-color":"","overlay-opacity":"","overlay-gradient":""},"mobile":{"background-color":"var(--ast-global-color-5)","background-image":"","background-repeat":"repeat","background-position":"center center","background-size":"auto","background-attachment":"scroll","background-type":"","background-media":"","overlay-type":"","overlay-color":"","overlay-opacity":"","overlay-gradient":""}},"footnotes":""},"categories":[6,12,11],"tags":[],"class_list":["post-4051","post","type-post","status-publish","format-standard","has-post-thumbnail","hentry","category-nacionales","category-noticia-destacada","category-noticias"],"uagb_featured_image_src":{"full":["https:\/\/alquite.com.mx\/2025\/wp-content\/uploads\/2025\/06\/WhatsApp-Image-2025-06-27-at-15.04.45-5.jpeg",1024,682,false],"thumbnail":["https:\/\/alquite.com.mx\/2025\/wp-content\/uploads\/2025\/06\/WhatsApp-Image-2025-06-27-at-15.04.45-5-150x150.jpeg",150,150,true],"medium":["https:\/\/alquite.com.mx\/2025\/wp-content\/uploads\/2025\/06\/WhatsApp-Image-2025-06-27-at-15.04.45-5-300x200.jpeg",300,200,true],"medium_large":["https:\/\/alquite.com.mx\/2025\/wp-content\/uploads\/2025\/06\/WhatsApp-Image-2025-06-27-at-15.04.45-5-768x512.jpeg",768,512,true],"large":["https:\/\/alquite.com.mx\/2025\/wp-content\/uploads\/2025\/06\/WhatsApp-Image-2025-06-27-at-15.04.45-5.jpeg",1024,682,false],"1536x1536":["https:\/\/alquite.com.mx\/2025\/wp-content\/uploads\/2025\/06\/WhatsApp-Image-2025-06-27-at-15.04.45-5.jpeg",1024,682,false],"2048x2048":["https:\/\/alquite.com.mx\/2025\/wp-content\/uploads\/2025\/06\/WhatsApp-Image-2025-06-27-at-15.04.45-5.jpeg",1024,682,false]},"uagb_author_info":{"display_name":"admin","author_link":"https:\/\/alquite.com.mx\/2025\/author\/admin\/"},"uagb_comment_info":0,"uagb_excerpt":"La gobernadora de Aguascalientes, Tere Jim\u00e9nez, inaugur\u00f3 la tercera etapa del centro comercial Meridiam Park, ubicado al sur de la [&hellip;]","_links":{"self":[{"href":"https:\/\/alquite.com.mx\/2025\/wp-json\/wp\/v2\/posts\/4051","targetHints":{"allow":["GET"]}}],"collection":[{"href":"https:\/\/alquite.com.mx\/2025\/wp-json\/wp\/v2\/posts"}],"about":[{"href":"https:\/\/alquite.com.mx\/2025\/wp-json\/wp\/v2\/types\/post"}],"author":[{"embeddable":true,"href":"https:\/\/alquite.com.mx\/2025\/wp-json\/wp\/v2\/users\/1"}],"replies":[{"embeddable":true,"href":"https:\/\/alquite.com.mx\/2025\/wp-json\/wp\/v2\/comments?post=4051"}],"version-history":[{"count":1,"href":"https:\/\/alquite.com.mx\/2025\/wp-json\/wp\/v2\/posts\/4051\/revisions"}],"predecessor-version":[{"id":4053,"href":"https:\/\/alquite.com.mx\/2025\/wp-json\/wp\/v2\/posts\/4051\/revisions\/4053"}],"wp:featuredmedia":[{"embeddable":true,"href":"https:\/\/alquite.com.mx\/2025\/wp-json\/wp\/v2\/media\/4052"}],"wp:attachment":[{"href":"https:\/\/alquite.com.mx\/2025\/wp-json\/wp\/v2\/media?parent=4051"}],"wp:term":[{"taxonomy":"category","embeddable":true,"href":"https:\/\/alquite.com.mx\/2025\/wp-json\/wp\/v2\/categories?post=4051"},{"taxonomy":"post_tag","embeddable":true,"href":"https:\/\/alquite.com.mx\/2025\/wp-json\/wp\/v2\/tags?post=4051"}],"curies":[{"name":"wp","href":"https:\/\/api.w.org\/{rel}","templated":true}]}}