{"id":4005,"date":"2025-06-25T19:11:09","date_gmt":"2025-06-26T01:11:09","guid":{"rendered":"https:\/\/alquite.com.mx\/2025\/?p=4005"},"modified":"2025-06-25T19:11:11","modified_gmt":"2025-06-26T01:11:11","slug":"perez-pinto-tomas-bastos-y-pedro-montaldo-abren-el-certamen-de-novilladas-cenate-las-ventas","status":"publish","type":"post","link":"https:\/\/alquite.com.mx\/2025\/perez-pinto-tomas-bastos-y-pedro-montaldo-abren-el-certamen-de-novilladas-cenate-las-ventas\/","title":{"rendered":"P\u00e9rez Pinto, Tom\u00e1s Bastos y Pedro Montaldo abren el certamen de novilladas \u2018C\u00e9nate Las Ventas"},"content":{"rendered":"\n<p>P\u00e9rez Pinto y Pedro Montaldo, que har\u00e1n su presentaci\u00f3n en Madrid, junto a Tom\u00e1s Bastos, que regresa tras su compromiso en San Isidro, son los tres protagonistas de la primera novillada nocturna ma\u00f1ana jueves 26 de junio a las 21:00h. en Las Ventas. Una cita con la que se abre una nueva edici\u00f3n de este certamen de novilladas que une toros y la mejor gastronom\u00eda madrile\u00f1a, en uno de los mejores planes del verano en la capital. Para la ocasi\u00f3n se anuncian novillos de El Retamar.<\/p>\n\n\n\n<p>P\u00e9rez Pinto trenzar\u00e1 su primer pase\u00edllo como novillero con picadores en Las Ventas. En una carrera nada f\u00e1cil, el salmantino asume esta cita con \u201cnervios, ganas y mucha responsabilidad\u201d y comenta que Madrid va a ver en \u00e9l un torero \u201ccon la experiencia de llevar varios a\u00f1os de novillero. Espero que me embista un novillo y poder mostrar la dimensi\u00f3n que quiero\u201d.<\/p>\n\n\n\n<p>Tom\u00e1s Bastos regresa a Las Ventas tras su presentaci\u00f3n en la pasada Feria de San Isidro la tarde del 20 de mayo. Una cita en la que mostr\u00f3 su buen concepto, su querer y su valor. Tras esto, dice volver \u201cm\u00e1s tranquilo al haber pisado ya esta plaza. Ya sabes a lo que vienes, pero igualmente cargado de responsabilidad y con muchas ganas y mucha ambici\u00f3n de que todo salga bien\u201d. Sobre sus compa\u00f1eros de cartel y la ganader\u00eda anunciada comenta que \u201cla gente va a ver una tarde de mucha rivalidad en el ruedo por parte de los tres toreros. Hemos estado en la ganader\u00eda y hemos visto la novillada y nos encanta\u201d.<\/p>\n\n\n\n<p>Pedro Montaldo asumir\u00e1 su primer compromiso en esta plaza un a\u00f1o despu\u00e9s de su debut con picadores en Teruel. El alcarre\u00f1o llega a Madrid cargado de ilusi\u00f3n y teniendo muy claro el toreo que quiere que la afici\u00f3n vea en \u00e9l: \u00abUn toreo muy personal y peculiar. Creo que soy un torero diferente en busca de la pureza y lo cl\u00e1sico\u201d.<\/p>\n","protected":false},"excerpt":{"rendered":"<p>P\u00e9rez Pinto y Pedro Montaldo, que har\u00e1n su presentaci\u00f3n en Madrid, junto a Tom\u00e1s Bastos, que regresa tras su compromiso [&hellip;]<\/p>\n","protected":false},"author":1,"featured_media":4006,"comment_status":"closed","ping_status":"open","sticky":false,"template":"","format":"standard","meta":{"_uag_custom_page_level_css":"","site-sidebar-layout":"default","site-content-layout":"","ast-site-content-layout":"","site-content-style":"default","site-sidebar-style":"default","ast-global-header-display":"","ast-banner-title-visibility":"","ast-main-header-display":"","ast-hfb-above-header-display":"","ast-hfb-below-header-display":"","ast-hfb-mobile-header-display":"","site-post-title":"","ast-breadcrumbs-content":"","ast-featured-img":"","footer-sml-layout":"","theme-transparent-header-meta":"","adv-header-id-meta":"","stick-header-meta":"","header-above-stick-meta":"","header-main-stick-meta":"","header-below-stick-meta":"","astra-migrate-meta-layouts":"default","ast-page-background-enabled":"default","ast-page-background-meta":{"desktop":{"background-color":"var(--ast-global-color-4)","background-image":"","background-repeat":"repeat","background-position":"center center","background-size":"auto","background-attachment":"scroll","background-type":"","background-media":"","overlay-type":"","overlay-color":"","overlay-opacity":"","overlay-gradient":""},"tablet":{"background-color":"","background-image":"","background-repeat":"repeat","background-position":"center center","background-size":"auto","background-attachment":"scroll","background-type":"","background-media":"","overlay-type":"","overlay-color":"","overlay-opacity":"","overlay-gradient":""},"mobile":{"background-color":"","background-image":"","background-repeat":"repeat","background-position":"center center","background-size":"auto","background-attachment":"scroll","background-type":"","background-media":"","overlay-type":"","overlay-color":"","overlay-opacity":"","overlay-gradient":""}},"ast-content-background-meta":{"desktop":{"background-color":"var(--ast-global-color-5)","background-image":"","background-repeat":"repeat","background-position":"center center","background-size":"auto","background-attachment":"scroll","background-type":"","background-media":"","overlay-type":"","overlay-color":"","overlay-opacity":"","overlay-gradient":""},"tablet":{"background-color":"var(--ast-global-color-5)","background-image":"","background-repeat":"repeat","background-position":"center center","background-size":"auto","background-attachment":"scroll","background-type":"","background-media":"","overlay-type":"","overlay-color":"","overlay-opacity":"","overlay-gradient":""},"mobile":{"background-color":"var(--ast-global-color-5)","background-image":"","background-repeat":"repeat","background-position":"center center","background-size":"auto","background-attachment":"scroll","background-type":"","background-media":"","overlay-type":"","overlay-color":"","overlay-opacity":"","overlay-gradient":""}},"footnotes":""},"categories":[6,12,11],"tags":[],"class_list":["post-4005","post","type-post","status-publish","format-standard","has-post-thumbnail","hentry","category-nacionales","category-noticia-destacada","category-noticias"],"uagb_featured_image_src":{"full":["https:\/\/alquite.com.mx\/2025\/wp-content\/uploads\/2025\/06\/512864879_1132206832257451_8544751088204356774_n.jpg",1024,682,false],"thumbnail":["https:\/\/alquite.com.mx\/2025\/wp-content\/uploads\/2025\/06\/512864879_1132206832257451_8544751088204356774_n-150x150.jpg",150,150,true],"medium":["https:\/\/alquite.com.mx\/2025\/wp-content\/uploads\/2025\/06\/512864879_1132206832257451_8544751088204356774_n-300x200.jpg",300,200,true],"medium_large":["https:\/\/alquite.com.mx\/2025\/wp-content\/uploads\/2025\/06\/512864879_1132206832257451_8544751088204356774_n-768x512.jpg",768,512,true],"large":["https:\/\/alquite.com.mx\/2025\/wp-content\/uploads\/2025\/06\/512864879_1132206832257451_8544751088204356774_n.jpg",1024,682,false],"1536x1536":["https:\/\/alquite.com.mx\/2025\/wp-content\/uploads\/2025\/06\/512864879_1132206832257451_8544751088204356774_n.jpg",1024,682,false],"2048x2048":["https:\/\/alquite.com.mx\/2025\/wp-content\/uploads\/2025\/06\/512864879_1132206832257451_8544751088204356774_n.jpg",1024,682,false]},"uagb_author_info":{"display_name":"admin","author_link":"https:\/\/alquite.com.mx\/2025\/author\/admin\/"},"uagb_comment_info":0,"uagb_excerpt":"P\u00e9rez Pinto y Pedro Montaldo, que har\u00e1n su presentaci\u00f3n en Madrid, junto a Tom\u00e1s Bastos, que regresa tras su compromiso [&hellip;]","_links":{"self":[{"href":"https:\/\/alquite.com.mx\/2025\/wp-json\/wp\/v2\/posts\/4005","targetHints":{"allow":["GET"]}}],"collection":[{"href":"https:\/\/alquite.com.mx\/2025\/wp-json\/wp\/v2\/posts"}],"about":[{"href":"https:\/\/alquite.com.mx\/2025\/wp-json\/wp\/v2\/types\/post"}],"author":[{"embeddable":true,"href":"https:\/\/alquite.com.mx\/2025\/wp-json\/wp\/v2\/users\/1"}],"replies":[{"embeddable":true,"href":"https:\/\/alquite.com.mx\/2025\/wp-json\/wp\/v2\/comments?post=4005"}],"version-history":[{"count":1,"href":"https:\/\/alquite.com.mx\/2025\/wp-json\/wp\/v2\/posts\/4005\/revisions"}],"predecessor-version":[{"id":4007,"href":"https:\/\/alquite.com.mx\/2025\/wp-json\/wp\/v2\/posts\/4005\/revisions\/4007"}],"wp:featuredmedia":[{"embeddable":true,"href":"https:\/\/alquite.com.mx\/2025\/wp-json\/wp\/v2\/media\/4006"}],"wp:attachment":[{"href":"https:\/\/alquite.com.mx\/2025\/wp-json\/wp\/v2\/media?parent=4005"}],"wp:term":[{"taxonomy":"category","embeddable":true,"href":"https:\/\/alquite.com.mx\/2025\/wp-json\/wp\/v2\/categories?post=4005"},{"taxonomy":"post_tag","embeddable":true,"href":"https:\/\/alquite.com.mx\/2025\/wp-json\/wp\/v2\/tags?post=4005"}],"curies":[{"name":"wp","href":"https:\/\/api.w.org\/{rel}","templated":true}]}}