{"id":3981,"date":"2025-06-23T23:53:16","date_gmt":"2025-06-24T05:53:16","guid":{"rendered":"https:\/\/alquite.com.mx\/2025\/?p=3981"},"modified":"2025-06-25T19:02:16","modified_gmt":"2025-06-26T01:02:16","slug":"prevencion-proximidad-social-y-colaboracion-interinstitucional-ejes-para-lograr-un-aguascalientes-mas-seguro","status":"publish","type":"post","link":"https:\/\/alquite.com.mx\/2025\/prevencion-proximidad-social-y-colaboracion-interinstitucional-ejes-para-lograr-un-aguascalientes-mas-seguro\/","title":{"rendered":"Prevenci\u00f3n, proximidad social y colaboraci\u00f3n interinstitucional: ejes para lograr un Aguascalientes m\u00e1s seguro"},"content":{"rendered":"\n<p id=\"viewer-hbo43325\">La gobernadora de Aguascalientes, Tere Jim\u00e9nez, encabez\u00f3 la LXX Asamblea Plenaria de la Mesa Ciudadana de Seguridad y Justicia, donde refrend\u00f3 su compromiso con la seguridad, el Estado de Derecho y la participaci\u00f3n ciudadana, como ejes fundamentales para mantener la paz en la entidad.<\/p>\n\n\n\n<p id=\"viewer-ykmhc328\">Dijo que la estrategia de seguridad se continuar\u00e1 enfocando en la prevenci\u00f3n, la proximidad social y la colaboraci\u00f3n interinstitucional, ya que estas acciones fortalecen la confianza ciudadana y permiten avanzar en la construcci\u00f3n de un Aguascalientes m\u00e1s seguro para todas y todos.<\/p>\n\n\n\n<p id=\"viewer-mjjjw331\">Durante la reuni\u00f3n, que se celebr\u00f3 en las instalaciones del Colegio de Contadores P\u00fablicos, y que es un espacio de di\u00e1logo y colaboraci\u00f3n entre autoridades y sociedad civil para fortalecer las estrategias de seguridad en Aguascalientes, la gobernadora reiter\u00f3 su llamado a sumar esfuerzos para mantener la paz y la tranquilidad en la entidad.<\/p>\n\n\n\n<p id=\"viewer-rwm0l334\">Como parte de la reuni\u00f3n, se revisaron las estrategias y los resultados del Plan de Seguridad y Justicia \u201cBlindaje Aguascalientes\u201d; adem\u00e1s se presentaron los indicadores en materia de seguridad correspondientes al mes de mayo de 2025 y un informe de acciones por parte de la Secretar\u00eda de Seguridad P\u00fablica del Municipio de Aguascalientes.<\/p>\n\n\n\n<p id=\"viewer-9dje1339\">En el encuentro tambi\u00e9n estuvieron presentes Karla Isabel Martorell Moya, coordinadora de la Mesa Ciudadana de Seguridad y Justicia; Antonio Mart\u00ednez Romo, secretario de Seguridad P\u00fablica del Estado de Aguascalientes; el fiscal general del Estado, Manuel Alonso Garc\u00eda; Irma Patricia Mu\u00f1oz de Le\u00f3n, presidenta del Consejo Coordinador Empresarial; el secretario general de Gobierno, Jos\u00e9 Antonio Ar\u00e1mbula L\u00f3pez; el presidente de la Mesa Directiva del H. Congreso del Estado, diputado Luis Le\u00f3n, as\u00ed como representantes de la Guardia Nacional y del Ej\u00e9rcito Mexicano, entre otras autoridades.<\/p>\n","protected":false},"excerpt":{"rendered":"<p>La gobernadora de Aguascalientes, Tere Jim\u00e9nez, encabez\u00f3 la LXX Asamblea Plenaria de la Mesa Ciudadana de Seguridad y Justicia, donde [&hellip;]<\/p>\n","protected":false},"author":1,"featured_media":3982,"comment_status":"closed","ping_status":"open","sticky":false,"template":"","format":"standard","meta":{"_uag_custom_page_level_css":"","site-sidebar-layout":"default","site-content-layout":"","ast-site-content-layout":"","site-content-style":"default","site-sidebar-style":"default","ast-global-header-display":"","ast-banner-title-visibility":"","ast-main-header-display":"","ast-hfb-above-header-display":"","ast-hfb-below-header-display":"","ast-hfb-mobile-header-display":"","site-post-title":"","ast-breadcrumbs-content":"","ast-featured-img":"","footer-sml-layout":"","theme-transparent-header-meta":"","adv-header-id-meta":"","stick-header-meta":"","header-above-stick-meta":"","header-main-stick-meta":"","header-below-stick-meta":"","astra-migrate-meta-layouts":"default","ast-page-background-enabled":"default","ast-page-background-meta":{"desktop":{"background-color":"var(--ast-global-color-4)","background-image":"","background-repeat":"repeat","background-position":"center center","background-size":"auto","background-attachment":"scroll","background-type":"","background-media":"","overlay-type":"","overlay-color":"","overlay-opacity":"","overlay-gradient":""},"tablet":{"background-color":"","background-image":"","background-repeat":"repeat","background-position":"center center","background-size":"auto","background-attachment":"scroll","background-type":"","background-media":"","overlay-type":"","overlay-color":"","overlay-opacity":"","overlay-gradient":""},"mobile":{"background-color":"","background-image":"","background-repeat":"repeat","background-position":"center center","background-size":"auto","background-attachment":"scroll","background-type":"","background-media":"","overlay-type":"","overlay-color":"","overlay-opacity":"","overlay-gradient":""}},"ast-content-background-meta":{"desktop":{"background-color":"var(--ast-global-color-5)","background-image":"","background-repeat":"repeat","background-position":"center center","background-size":"auto","background-attachment":"scroll","background-type":"","background-media":"","overlay-type":"","overlay-color":"","overlay-opacity":"","overlay-gradient":""},"tablet":{"background-color":"var(--ast-global-color-5)","background-image":"","background-repeat":"repeat","background-position":"center center","background-size":"auto","background-attachment":"scroll","background-type":"","background-media":"","overlay-type":"","overlay-color":"","overlay-opacity":"","overlay-gradient":""},"mobile":{"background-color":"var(--ast-global-color-5)","background-image":"","background-repeat":"repeat","background-position":"center center","background-size":"auto","background-attachment":"scroll","background-type":"","background-media":"","overlay-type":"","overlay-color":"","overlay-opacity":"","overlay-gradient":""}},"footnotes":""},"categories":[6,12,11],"tags":[],"class_list":["post-3981","post","type-post","status-publish","format-standard","has-post-thumbnail","hentry","category-nacionales","category-noticia-destacada","category-noticias"],"uagb_featured_image_src":{"full":["https:\/\/alquite.com.mx\/2025\/wp-content\/uploads\/2025\/06\/IMG_0093.JPG.jpg",1024,698,false],"thumbnail":["https:\/\/alquite.com.mx\/2025\/wp-content\/uploads\/2025\/06\/IMG_0093.JPG-150x150.jpg",150,150,true],"medium":["https:\/\/alquite.com.mx\/2025\/wp-content\/uploads\/2025\/06\/IMG_0093.JPG-300x204.jpg",300,204,true],"medium_large":["https:\/\/alquite.com.mx\/2025\/wp-content\/uploads\/2025\/06\/IMG_0093.JPG-768x524.jpg",768,524,true],"large":["https:\/\/alquite.com.mx\/2025\/wp-content\/uploads\/2025\/06\/IMG_0093.JPG.jpg",1024,698,false],"1536x1536":["https:\/\/alquite.com.mx\/2025\/wp-content\/uploads\/2025\/06\/IMG_0093.JPG.jpg",1024,698,false],"2048x2048":["https:\/\/alquite.com.mx\/2025\/wp-content\/uploads\/2025\/06\/IMG_0093.JPG.jpg",1024,698,false]},"uagb_author_info":{"display_name":"admin","author_link":"https:\/\/alquite.com.mx\/2025\/author\/admin\/"},"uagb_comment_info":0,"uagb_excerpt":"La gobernadora de Aguascalientes, Tere Jim\u00e9nez, encabez\u00f3 la LXX Asamblea Plenaria de la Mesa Ciudadana de Seguridad y Justicia, donde [&hellip;]","_links":{"self":[{"href":"https:\/\/alquite.com.mx\/2025\/wp-json\/wp\/v2\/posts\/3981","targetHints":{"allow":["GET"]}}],"collection":[{"href":"https:\/\/alquite.com.mx\/2025\/wp-json\/wp\/v2\/posts"}],"about":[{"href":"https:\/\/alquite.com.mx\/2025\/wp-json\/wp\/v2\/types\/post"}],"author":[{"embeddable":true,"href":"https:\/\/alquite.com.mx\/2025\/wp-json\/wp\/v2\/users\/1"}],"replies":[{"embeddable":true,"href":"https:\/\/alquite.com.mx\/2025\/wp-json\/wp\/v2\/comments?post=3981"}],"version-history":[{"count":1,"href":"https:\/\/alquite.com.mx\/2025\/wp-json\/wp\/v2\/posts\/3981\/revisions"}],"predecessor-version":[{"id":3983,"href":"https:\/\/alquite.com.mx\/2025\/wp-json\/wp\/v2\/posts\/3981\/revisions\/3983"}],"wp:featuredmedia":[{"embeddable":true,"href":"https:\/\/alquite.com.mx\/2025\/wp-json\/wp\/v2\/media\/3982"}],"wp:attachment":[{"href":"https:\/\/alquite.com.mx\/2025\/wp-json\/wp\/v2\/media?parent=3981"}],"wp:term":[{"taxonomy":"category","embeddable":true,"href":"https:\/\/alquite.com.mx\/2025\/wp-json\/wp\/v2\/categories?post=3981"},{"taxonomy":"post_tag","embeddable":true,"href":"https:\/\/alquite.com.mx\/2025\/wp-json\/wp\/v2\/tags?post=3981"}],"curies":[{"name":"wp","href":"https:\/\/api.w.org\/{rel}","templated":true}]}}