{"id":3959,"date":"2025-06-22T20:34:43","date_gmt":"2025-06-23T02:34:43","guid":{"rendered":"https:\/\/alquite.com.mx\/2025\/?p=3959"},"modified":"2025-06-22T20:34:48","modified_gmt":"2025-06-23T02:34:48","slug":"anuncian-cursos-gratuitos-de-formacion-empresarial-para-emprendedores","status":"publish","type":"post","link":"https:\/\/alquite.com.mx\/2025\/anuncian-cursos-gratuitos-de-formacion-empresarial-para-emprendedores\/","title":{"rendered":"Anuncian cursos gratuitos de formaci\u00f3n empresarial para emprendedores"},"content":{"rendered":"\n<p id=\"viewer-mxem6131\">El Gobierno del Estado, a trav\u00e9s de la Secretar\u00eda de Desarrollo Econ\u00f3mico, Ciencia y Tecnolog\u00eda (Sedecyt), invita a la comunidad de emprendedores de Aguascalientes, as\u00ed como a los micro y peque\u00f1os negocios de la entidad, a participar en el programa de capacitaci\u00f3n empresarial que se impartir\u00e1 de manera gratuita durante el mes de julio.<\/p>\n\n\n\n<p id=\"viewer-0bagv134\">Esa\u00fa Garza de Vega, titular de la Sedecyt, dijo que el objetivo es que los negocios locales se profesionalicen y sean m\u00e1s competitivos, al contar con herramientas para desarrollar soluciones innovadoras, que se adapten mejor a las demandas del mercado e impulsen su crecimiento, fortaleciendo con ello la econom\u00eda del estado.&nbsp;<\/p>\n\n\n\n<p id=\"viewer-3gkif137\">Agreg\u00f3 que el registro ya se encuentra habilitado en <a target=\"_blank\" href=\"https:\/\/forms.gle\/c7jK59aN7V8z3jJL9\" rel=\"noreferrer noopener\"><u>https:\/\/forms.gle\/c7jK59aN7V8z3jJL9<\/u><\/a>; coment\u00f3 que el programa inicia el pr\u00f3ximo 3 de julio con los talleres: Administraci\u00f3n del Tiempo y Liderazgo, Mejora la Competitividad de tu Negocio, Comunicaci\u00f3n para mi Negocio, Desarrollo de Branding para mi Negocio y Marketing Digital con Inteligencia Artificial.<\/p>\n\n\n\n<p id=\"viewer-7eut8142\">Garza de Vega destac\u00f3 que las sesiones ser\u00e1n en el edificio Espacio Com\u00fan de Educaci\u00f3n Media Superior y Superior, del Instituto de Educaci\u00f3n de Aguascalientes (IEA), ubicado en Cerro de la Joya No. 304, fraccionamiento Ojocaliente II, en un horario de 9:00 a 12:00 horas.<\/p>\n\n\n\n<p id=\"viewer-ncyt7146\">Para m\u00e1s informaci\u00f3n, comunicarse al tel\u00e9fono 449 910 26 22, extensi\u00f3n 1695, o en las oficinas ubicadas en la Nave 55 del Fideicomiso Complejo Tres Centurias de la colonia Ferronales, de lunes a viernes, de 8:00 a 16:00 horas.<\/p>\n","protected":false},"excerpt":{"rendered":"<p>El Gobierno del Estado, a trav\u00e9s de la Secretar\u00eda de Desarrollo Econ\u00f3mico, Ciencia y Tecnolog\u00eda (Sedecyt), invita a la comunidad [&hellip;]<\/p>\n","protected":false},"author":1,"featured_media":3960,"comment_status":"closed","ping_status":"open","sticky":false,"template":"","format":"standard","meta":{"_uag_custom_page_level_css":"","site-sidebar-layout":"default","site-content-layout":"","ast-site-content-layout":"","site-content-style":"default","site-sidebar-style":"default","ast-global-header-display":"","ast-banner-title-visibility":"","ast-main-header-display":"","ast-hfb-above-header-display":"","ast-hfb-below-header-display":"","ast-hfb-mobile-header-display":"","site-post-title":"","ast-breadcrumbs-content":"","ast-featured-img":"","footer-sml-layout":"","theme-transparent-header-meta":"","adv-header-id-meta":"","stick-header-meta":"","header-above-stick-meta":"","header-main-stick-meta":"","header-below-stick-meta":"","astra-migrate-meta-layouts":"default","ast-page-background-enabled":"default","ast-page-background-meta":{"desktop":{"background-color":"var(--ast-global-color-4)","background-image":"","background-repeat":"repeat","background-position":"center center","background-size":"auto","background-attachment":"scroll","background-type":"","background-media":"","overlay-type":"","overlay-color":"","overlay-opacity":"","overlay-gradient":""},"tablet":{"background-color":"","background-image":"","background-repeat":"repeat","background-position":"center center","background-size":"auto","background-attachment":"scroll","background-type":"","background-media":"","overlay-type":"","overlay-color":"","overlay-opacity":"","overlay-gradient":""},"mobile":{"background-color":"","background-image":"","background-repeat":"repeat","background-position":"center center","background-size":"auto","background-attachment":"scroll","background-type":"","background-media":"","overlay-type":"","overlay-color":"","overlay-opacity":"","overlay-gradient":""}},"ast-content-background-meta":{"desktop":{"background-color":"var(--ast-global-color-5)","background-image":"","background-repeat":"repeat","background-position":"center center","background-size":"auto","background-attachment":"scroll","background-type":"","background-media":"","overlay-type":"","overlay-color":"","overlay-opacity":"","overlay-gradient":""},"tablet":{"background-color":"var(--ast-global-color-5)","background-image":"","background-repeat":"repeat","background-position":"center center","background-size":"auto","background-attachment":"scroll","background-type":"","background-media":"","overlay-type":"","overlay-color":"","overlay-opacity":"","overlay-gradient":""},"mobile":{"background-color":"var(--ast-global-color-5)","background-image":"","background-repeat":"repeat","background-position":"center center","background-size":"auto","background-attachment":"scroll","background-type":"","background-media":"","overlay-type":"","overlay-color":"","overlay-opacity":"","overlay-gradient":""}},"footnotes":""},"categories":[6,12,11],"tags":[],"class_list":["post-3959","post","type-post","status-publish","format-standard","has-post-thumbnail","hentry","category-nacionales","category-noticia-destacada","category-noticias"],"uagb_featured_image_src":{"full":["https:\/\/alquite.com.mx\/2025\/wp-content\/uploads\/2025\/06\/WhatsApp-Image-2025-06-19-at-3.06.16-PM-1.jpeg",1024,683,false],"thumbnail":["https:\/\/alquite.com.mx\/2025\/wp-content\/uploads\/2025\/06\/WhatsApp-Image-2025-06-19-at-3.06.16-PM-1-150x150.jpeg",150,150,true],"medium":["https:\/\/alquite.com.mx\/2025\/wp-content\/uploads\/2025\/06\/WhatsApp-Image-2025-06-19-at-3.06.16-PM-1-300x200.jpeg",300,200,true],"medium_large":["https:\/\/alquite.com.mx\/2025\/wp-content\/uploads\/2025\/06\/WhatsApp-Image-2025-06-19-at-3.06.16-PM-1-768x512.jpeg",768,512,true],"large":["https:\/\/alquite.com.mx\/2025\/wp-content\/uploads\/2025\/06\/WhatsApp-Image-2025-06-19-at-3.06.16-PM-1.jpeg",1024,683,false],"1536x1536":["https:\/\/alquite.com.mx\/2025\/wp-content\/uploads\/2025\/06\/WhatsApp-Image-2025-06-19-at-3.06.16-PM-1.jpeg",1024,683,false],"2048x2048":["https:\/\/alquite.com.mx\/2025\/wp-content\/uploads\/2025\/06\/WhatsApp-Image-2025-06-19-at-3.06.16-PM-1.jpeg",1024,683,false]},"uagb_author_info":{"display_name":"admin","author_link":"https:\/\/alquite.com.mx\/2025\/author\/admin\/"},"uagb_comment_info":0,"uagb_excerpt":"El Gobierno del Estado, a trav\u00e9s de la Secretar\u00eda de Desarrollo Econ\u00f3mico, Ciencia y Tecnolog\u00eda (Sedecyt), invita a la comunidad [&hellip;]","_links":{"self":[{"href":"https:\/\/alquite.com.mx\/2025\/wp-json\/wp\/v2\/posts\/3959","targetHints":{"allow":["GET"]}}],"collection":[{"href":"https:\/\/alquite.com.mx\/2025\/wp-json\/wp\/v2\/posts"}],"about":[{"href":"https:\/\/alquite.com.mx\/2025\/wp-json\/wp\/v2\/types\/post"}],"author":[{"embeddable":true,"href":"https:\/\/alquite.com.mx\/2025\/wp-json\/wp\/v2\/users\/1"}],"replies":[{"embeddable":true,"href":"https:\/\/alquite.com.mx\/2025\/wp-json\/wp\/v2\/comments?post=3959"}],"version-history":[{"count":1,"href":"https:\/\/alquite.com.mx\/2025\/wp-json\/wp\/v2\/posts\/3959\/revisions"}],"predecessor-version":[{"id":3961,"href":"https:\/\/alquite.com.mx\/2025\/wp-json\/wp\/v2\/posts\/3959\/revisions\/3961"}],"wp:featuredmedia":[{"embeddable":true,"href":"https:\/\/alquite.com.mx\/2025\/wp-json\/wp\/v2\/media\/3960"}],"wp:attachment":[{"href":"https:\/\/alquite.com.mx\/2025\/wp-json\/wp\/v2\/media?parent=3959"}],"wp:term":[{"taxonomy":"category","embeddable":true,"href":"https:\/\/alquite.com.mx\/2025\/wp-json\/wp\/v2\/categories?post=3959"},{"taxonomy":"post_tag","embeddable":true,"href":"https:\/\/alquite.com.mx\/2025\/wp-json\/wp\/v2\/tags?post=3959"}],"curies":[{"name":"wp","href":"https:\/\/api.w.org\/{rel}","templated":true}]}}