{"id":3956,"date":"2025-06-21T18:34:40","date_gmt":"2025-06-22T00:34:40","guid":{"rendered":"https:\/\/alquite.com.mx\/2025\/?p=3956"},"modified":"2025-06-21T18:34:43","modified_gmt":"2025-06-22T00:34:43","slug":"interesante-tertulia-entre-ganadero-y-matadores-del-sabado-ages-en-soria","status":"publish","type":"post","link":"https:\/\/alquite.com.mx\/2025\/interesante-tertulia-entre-ganadero-y-matadores-del-sabado-ages-en-soria\/","title":{"rendered":"Interesante tertulia entre ganadero y matadores del s\u00e1bado ag\u00e9s en Soria"},"content":{"rendered":"\n<p>Los protagonistas del s\u00e1bado ag\u00e9s comparecieron en la tarde de ayer en el Centro Cultural Gaya Nu\u00f1o de Soria. Tambi\u00e9n se present\u00f3 el v\u00eddeo promocional del festejo y Jos\u00e9 Luis Marcuello, propietario de la ganader\u00eda Los Ma\u00f1os explic\u00f3 en fotos los toros rese\u00f1ados: morfolog\u00eda, reatas, nombres, antecesores y su juego&#8230; \u00abSe trata de una corrida baja, bonita de hechuras y muy en tipo\u00bb apuntaba Marcuello. La terna formada por Joselito Adame, Rub\u00e9n Sanz y David Galv\u00e1n se mostraron ilusionados con el festejo, encantados con los ocho toros descritos por Marcuello y con ganas de verse las caras en el ruedo. Tambi\u00e9n hablaron de la situaci\u00f3n profesional de cada uno y su temporada. La tarde pas\u00f3 entre vivencias y an\u00e9cdotas.<\/p>\n\n\n\n<p>El horario de taquilla es de 11 a 14 horas y de 17:30 a 20:30 horas de lunes a viernes. Tambi\u00e9n se pueden a adquirir entradas y abonos a cualquier hora y d\u00eda de la semana en\u00a0<a href=\"https:\/\/l.facebook.com\/l.php?u=http%3A%2F%2Fwww.tauroemocion.es%2F%3Ffbclid%3DIwZXh0bgNhZW0CMTAAYnJpZBExcWlkekNLZERtQkROQUFSSQEejZPSEtPdHcu9AwY_S70knBnXE2IrGKenFDSu7jsno_OiE6EPaYlAuS281To_aem_ZFSp0JgQPmtBEWqFKA4KSw&amp;h=AT0iNtO6ALfVDp7M6hEE2hFYPXkhHOd1JGGfppE3OhSyG7qJLGJ9XcEMUrk9qXBiOnAc4mGPaFI4QMEx6u8-NoAMVe04QQNldLIIEJLihuUyEFNtA8pLnfRdhN7HlU0BwKsUg9J9mq540l1bRFYLZjDTBxIOPUXALvtT3w&amp;__tn__=-UK*F&amp;c[0]=AT2U0HC0eZMYkJ6KBT5A8jsPRha69Dr3mlCcgwr5WlUWYum6QfLxts320bwGRvFO3Mdeb412PCHH76gOvxbJCHklHaAKkjPMhTue_DY7zj_rroV0oWwT_HHUgTVueH6fMNJ687QfPAKXESes8EKLOmV5w_BI3VJlCOlYBUkVR3o5genfzAbL_ErDJ8z1SFHi2AXMtDqjAJh6XyzDiBGE1blq63Hb\" target=\"_blank\" rel=\"noreferrer noopener\">www.tauroemocion.es<\/a><\/p>\n\n\n\n<p>Los carteles de la feria de San Juan 2025 son los siguientes:<\/p>\n\n\n\n<p>Mi\u00e9rcoles 25 de junio, toros de El Canario para: Leonardo, Guillermo Hermoso de Mendoza y Sergio P\u00e9rez de Gregorio.<\/p>\n\n\n\n<p>S\u00e1bado 28 de junio, toros de Los Ma\u00f1os para: Joselito Adame, Rub\u00e9n Sanz y David Galv\u00e1n.<\/p>\n\n\n\n<p>Domingo 29 de junio, toros de Antonio Ba\u00f1uelos para: Morante de la Puebla, Emilio de Justo y Marco P\u00e9rez.<\/p>\n","protected":false},"excerpt":{"rendered":"<p>Los protagonistas del s\u00e1bado ag\u00e9s comparecieron en la tarde de ayer en el Centro Cultural Gaya Nu\u00f1o de Soria. Tambi\u00e9n [&hellip;]<\/p>\n","protected":false},"author":1,"featured_media":3957,"comment_status":"closed","ping_status":"open","sticky":false,"template":"","format":"standard","meta":{"_uag_custom_page_level_css":"","site-sidebar-layout":"default","site-content-layout":"","ast-site-content-layout":"","site-content-style":"default","site-sidebar-style":"default","ast-global-header-display":"","ast-banner-title-visibility":"","ast-main-header-display":"","ast-hfb-above-header-display":"","ast-hfb-below-header-display":"","ast-hfb-mobile-header-display":"","site-post-title":"","ast-breadcrumbs-content":"","ast-featured-img":"","footer-sml-layout":"","theme-transparent-header-meta":"","adv-header-id-meta":"","stick-header-meta":"","header-above-stick-meta":"","header-main-stick-meta":"","header-below-stick-meta":"","astra-migrate-meta-layouts":"default","ast-page-background-enabled":"default","ast-page-background-meta":{"desktop":{"background-color":"var(--ast-global-color-4)","background-image":"","background-repeat":"repeat","background-position":"center center","background-size":"auto","background-attachment":"scroll","background-type":"","background-media":"","overlay-type":"","overlay-color":"","overlay-opacity":"","overlay-gradient":""},"tablet":{"background-color":"","background-image":"","background-repeat":"repeat","background-position":"center center","background-size":"auto","background-attachment":"scroll","background-type":"","background-media":"","overlay-type":"","overlay-color":"","overlay-opacity":"","overlay-gradient":""},"mobile":{"background-color":"","background-image":"","background-repeat":"repeat","background-position":"center center","background-size":"auto","background-attachment":"scroll","background-type":"","background-media":"","overlay-type":"","overlay-color":"","overlay-opacity":"","overlay-gradient":""}},"ast-content-background-meta":{"desktop":{"background-color":"var(--ast-global-color-5)","background-image":"","background-repeat":"repeat","background-position":"center center","background-size":"auto","background-attachment":"scroll","background-type":"","background-media":"","overlay-type":"","overlay-color":"","overlay-opacity":"","overlay-gradient":""},"tablet":{"background-color":"var(--ast-global-color-5)","background-image":"","background-repeat":"repeat","background-position":"center center","background-size":"auto","background-attachment":"scroll","background-type":"","background-media":"","overlay-type":"","overlay-color":"","overlay-opacity":"","overlay-gradient":""},"mobile":{"background-color":"var(--ast-global-color-5)","background-image":"","background-repeat":"repeat","background-position":"center center","background-size":"auto","background-attachment":"scroll","background-type":"","background-media":"","overlay-type":"","overlay-color":"","overlay-opacity":"","overlay-gradient":""}},"footnotes":""},"categories":[6,12,11],"tags":[],"class_list":["post-3956","post","type-post","status-publish","format-standard","has-post-thumbnail","hentry","category-nacionales","category-noticia-destacada","category-noticias"],"uagb_featured_image_src":{"full":["https:\/\/alquite.com.mx\/2025\/wp-content\/uploads\/2025\/06\/505764099_1128401615971306_5923221121827494338_n.jpg",1024,768,false],"thumbnail":["https:\/\/alquite.com.mx\/2025\/wp-content\/uploads\/2025\/06\/505764099_1128401615971306_5923221121827494338_n-150x150.jpg",150,150,true],"medium":["https:\/\/alquite.com.mx\/2025\/wp-content\/uploads\/2025\/06\/505764099_1128401615971306_5923221121827494338_n-300x225.jpg",300,225,true],"medium_large":["https:\/\/alquite.com.mx\/2025\/wp-content\/uploads\/2025\/06\/505764099_1128401615971306_5923221121827494338_n-768x576.jpg",768,576,true],"large":["https:\/\/alquite.com.mx\/2025\/wp-content\/uploads\/2025\/06\/505764099_1128401615971306_5923221121827494338_n.jpg",1024,768,false],"1536x1536":["https:\/\/alquite.com.mx\/2025\/wp-content\/uploads\/2025\/06\/505764099_1128401615971306_5923221121827494338_n.jpg",1024,768,false],"2048x2048":["https:\/\/alquite.com.mx\/2025\/wp-content\/uploads\/2025\/06\/505764099_1128401615971306_5923221121827494338_n.jpg",1024,768,false]},"uagb_author_info":{"display_name":"admin","author_link":"https:\/\/alquite.com.mx\/2025\/author\/admin\/"},"uagb_comment_info":0,"uagb_excerpt":"Los protagonistas del s\u00e1bado ag\u00e9s comparecieron en la tarde de ayer en el Centro Cultural Gaya Nu\u00f1o de Soria. Tambi\u00e9n [&hellip;]","_links":{"self":[{"href":"https:\/\/alquite.com.mx\/2025\/wp-json\/wp\/v2\/posts\/3956","targetHints":{"allow":["GET"]}}],"collection":[{"href":"https:\/\/alquite.com.mx\/2025\/wp-json\/wp\/v2\/posts"}],"about":[{"href":"https:\/\/alquite.com.mx\/2025\/wp-json\/wp\/v2\/types\/post"}],"author":[{"embeddable":true,"href":"https:\/\/alquite.com.mx\/2025\/wp-json\/wp\/v2\/users\/1"}],"replies":[{"embeddable":true,"href":"https:\/\/alquite.com.mx\/2025\/wp-json\/wp\/v2\/comments?post=3956"}],"version-history":[{"count":1,"href":"https:\/\/alquite.com.mx\/2025\/wp-json\/wp\/v2\/posts\/3956\/revisions"}],"predecessor-version":[{"id":3958,"href":"https:\/\/alquite.com.mx\/2025\/wp-json\/wp\/v2\/posts\/3956\/revisions\/3958"}],"wp:featuredmedia":[{"embeddable":true,"href":"https:\/\/alquite.com.mx\/2025\/wp-json\/wp\/v2\/media\/3957"}],"wp:attachment":[{"href":"https:\/\/alquite.com.mx\/2025\/wp-json\/wp\/v2\/media?parent=3956"}],"wp:term":[{"taxonomy":"category","embeddable":true,"href":"https:\/\/alquite.com.mx\/2025\/wp-json\/wp\/v2\/categories?post=3956"},{"taxonomy":"post_tag","embeddable":true,"href":"https:\/\/alquite.com.mx\/2025\/wp-json\/wp\/v2\/tags?post=3956"}],"curies":[{"name":"wp","href":"https:\/\/api.w.org\/{rel}","templated":true}]}}