{"id":3941,"date":"2025-06-20T20:49:53","date_gmt":"2025-06-21T02:49:53","guid":{"rendered":"https:\/\/alquite.com.mx\/2025\/?p=3941"},"modified":"2025-06-20T20:49:55","modified_gmt":"2025-06-21T02:49:55","slug":"presentada-la-vi-edicion-de-cenate-las-ventas","status":"publish","type":"post","link":"https:\/\/alquite.com.mx\/2025\/presentada-la-vi-edicion-de-cenate-las-ventas\/","title":{"rendered":"Presentada la VI edici\u00f3n de C\u00e9nate Las Ventas"},"content":{"rendered":"\n<p>Plaza 1, en colaboraci\u00f3n con la Consejer\u00eda de Medio Ambiente, Agricultura e Interior de la Comunidad de Madrid, la Academia Madrile\u00f1a de Gastronom\u00eda y el Consejo Regulador de los vinos de Madrid, ha presentado esta ma\u00f1ana la sexta edici\u00f3n de \u2018C\u00e9nate Las Ventas\u2019. Una iniciativa gastron\u00f3mica que acompa\u00f1ar\u00e1 al Certamen de Novilladas Nocturnas que se celebrar\u00e1 en la Plaza de Toros de Las Ventas todos los jueves del 26 de junio al 24 de julio, con cuatro novilladas clasificatorias y una gran final. Como novedad, Las Ventas acoger\u00e1 el s\u00e1bado 28 un concurso de recortadores en el que tambi\u00e9n estar\u00e1 activa la iniciativa gastron\u00f3mica.<\/p>\n\n\n\n<p>Rafael Garc\u00eda Gonz\u00e1lez, viceconsejero de Medio Ambiente, Agricultura e Interior, ha agradecido a Plaza 1, la empresa gestora del coso, la celebraci\u00f3n de esta iniciativa. \u00abSe ha convertido en algo muy significativo de los veranos de Madrid, es una referencia entre los planes del verano y estoy seguro que va a ser un \u00e9xito de p\u00fablico\u00bb, detall\u00f3. \u00abPara la Consejer\u00eda es un evento en el que aunamos tradici\u00f3n, campo y productos madrile\u00f1os, y es uno de los eventos referentes para la promoci\u00f3n de nuestros productos\u00bb, a\u00f1adi\u00f3.<\/p>\n\n\n\n<p>Rafael G. Garrido, presidente de Plaza 1, destac\u00f3 sobre los carteles anunciados que \u00abtenemos la responsabilidad de intentar mejorar el espect\u00e1culo y por eso hab\u00edamos pedido a varios de los novilleros destacados que ya hab\u00edan pasado en San Isidro o en el inicio de temporada, que volvieran a torear en Madrid. Quiero agradecerles el compromiso para hacer de este Certamen un Certamen de todav\u00eda mayor entidad\u00bb. Para Rafael, este Certamen \u00abest\u00e1 muy consolidado, la gente disfruta mucho de lo que pasa en el ruedo y todo lo que se ofrece antes y despu\u00e9s, seguimos potenci\u00e1ndo la iniciativa de la mano de la Comunidad de Madrid y ojal\u00e1 podamos alcanzar en esta edici\u00f3n los 50.000 espectadores\u00bb.<\/p>\n","protected":false},"excerpt":{"rendered":"<p>Plaza 1, en colaboraci\u00f3n con la Consejer\u00eda de Medio Ambiente, Agricultura e Interior de la Comunidad de Madrid, la Academia [&hellip;]<\/p>\n","protected":false},"author":1,"featured_media":3942,"comment_status":"closed","ping_status":"open","sticky":false,"template":"","format":"standard","meta":{"_uag_custom_page_level_css":"","site-sidebar-layout":"default","site-content-layout":"","ast-site-content-layout":"","site-content-style":"default","site-sidebar-style":"default","ast-global-header-display":"","ast-banner-title-visibility":"","ast-main-header-display":"","ast-hfb-above-header-display":"","ast-hfb-below-header-display":"","ast-hfb-mobile-header-display":"","site-post-title":"","ast-breadcrumbs-content":"","ast-featured-img":"","footer-sml-layout":"","theme-transparent-header-meta":"","adv-header-id-meta":"","stick-header-meta":"","header-above-stick-meta":"","header-main-stick-meta":"","header-below-stick-meta":"","astra-migrate-meta-layouts":"default","ast-page-background-enabled":"default","ast-page-background-meta":{"desktop":{"background-color":"var(--ast-global-color-4)","background-image":"","background-repeat":"repeat","background-position":"center center","background-size":"auto","background-attachment":"scroll","background-type":"","background-media":"","overlay-type":"","overlay-color":"","overlay-opacity":"","overlay-gradient":""},"tablet":{"background-color":"","background-image":"","background-repeat":"repeat","background-position":"center center","background-size":"auto","background-attachment":"scroll","background-type":"","background-media":"","overlay-type":"","overlay-color":"","overlay-opacity":"","overlay-gradient":""},"mobile":{"background-color":"","background-image":"","background-repeat":"repeat","background-position":"center center","background-size":"auto","background-attachment":"scroll","background-type":"","background-media":"","overlay-type":"","overlay-color":"","overlay-opacity":"","overlay-gradient":""}},"ast-content-background-meta":{"desktop":{"background-color":"var(--ast-global-color-5)","background-image":"","background-repeat":"repeat","background-position":"center center","background-size":"auto","background-attachment":"scroll","background-type":"","background-media":"","overlay-type":"","overlay-color":"","overlay-opacity":"","overlay-gradient":""},"tablet":{"background-color":"var(--ast-global-color-5)","background-image":"","background-repeat":"repeat","background-position":"center center","background-size":"auto","background-attachment":"scroll","background-type":"","background-media":"","overlay-type":"","overlay-color":"","overlay-opacity":"","overlay-gradient":""},"mobile":{"background-color":"var(--ast-global-color-5)","background-image":"","background-repeat":"repeat","background-position":"center center","background-size":"auto","background-attachment":"scroll","background-type":"","background-media":"","overlay-type":"","overlay-color":"","overlay-opacity":"","overlay-gradient":""}},"footnotes":""},"categories":[6,12,11],"tags":[],"class_list":["post-3941","post","type-post","status-publish","format-standard","has-post-thumbnail","hentry","category-nacionales","category-noticia-destacada","category-noticias"],"uagb_featured_image_src":{"full":["https:\/\/alquite.com.mx\/2025\/wp-content\/uploads\/2025\/06\/506715168_1128402509304550_3473744178698664323_n.jpg",1000,667,false],"thumbnail":["https:\/\/alquite.com.mx\/2025\/wp-content\/uploads\/2025\/06\/506715168_1128402509304550_3473744178698664323_n-150x150.jpg",150,150,true],"medium":["https:\/\/alquite.com.mx\/2025\/wp-content\/uploads\/2025\/06\/506715168_1128402509304550_3473744178698664323_n-300x200.jpg",300,200,true],"medium_large":["https:\/\/alquite.com.mx\/2025\/wp-content\/uploads\/2025\/06\/506715168_1128402509304550_3473744178698664323_n-768x512.jpg",768,512,true],"large":["https:\/\/alquite.com.mx\/2025\/wp-content\/uploads\/2025\/06\/506715168_1128402509304550_3473744178698664323_n.jpg",1000,667,false],"1536x1536":["https:\/\/alquite.com.mx\/2025\/wp-content\/uploads\/2025\/06\/506715168_1128402509304550_3473744178698664323_n.jpg",1000,667,false],"2048x2048":["https:\/\/alquite.com.mx\/2025\/wp-content\/uploads\/2025\/06\/506715168_1128402509304550_3473744178698664323_n.jpg",1000,667,false]},"uagb_author_info":{"display_name":"admin","author_link":"https:\/\/alquite.com.mx\/2025\/author\/admin\/"},"uagb_comment_info":0,"uagb_excerpt":"Plaza 1, en colaboraci\u00f3n con la Consejer\u00eda de Medio Ambiente, Agricultura e Interior de la Comunidad de Madrid, la Academia [&hellip;]","_links":{"self":[{"href":"https:\/\/alquite.com.mx\/2025\/wp-json\/wp\/v2\/posts\/3941","targetHints":{"allow":["GET"]}}],"collection":[{"href":"https:\/\/alquite.com.mx\/2025\/wp-json\/wp\/v2\/posts"}],"about":[{"href":"https:\/\/alquite.com.mx\/2025\/wp-json\/wp\/v2\/types\/post"}],"author":[{"embeddable":true,"href":"https:\/\/alquite.com.mx\/2025\/wp-json\/wp\/v2\/users\/1"}],"replies":[{"embeddable":true,"href":"https:\/\/alquite.com.mx\/2025\/wp-json\/wp\/v2\/comments?post=3941"}],"version-history":[{"count":1,"href":"https:\/\/alquite.com.mx\/2025\/wp-json\/wp\/v2\/posts\/3941\/revisions"}],"predecessor-version":[{"id":3943,"href":"https:\/\/alquite.com.mx\/2025\/wp-json\/wp\/v2\/posts\/3941\/revisions\/3943"}],"wp:featuredmedia":[{"embeddable":true,"href":"https:\/\/alquite.com.mx\/2025\/wp-json\/wp\/v2\/media\/3942"}],"wp:attachment":[{"href":"https:\/\/alquite.com.mx\/2025\/wp-json\/wp\/v2\/media?parent=3941"}],"wp:term":[{"taxonomy":"category","embeddable":true,"href":"https:\/\/alquite.com.mx\/2025\/wp-json\/wp\/v2\/categories?post=3941"},{"taxonomy":"post_tag","embeddable":true,"href":"https:\/\/alquite.com.mx\/2025\/wp-json\/wp\/v2\/tags?post=3941"}],"curies":[{"name":"wp","href":"https:\/\/api.w.org\/{rel}","templated":true}]}}