{"id":3938,"date":"2025-06-20T20:48:19","date_gmt":"2025-06-21T02:48:19","guid":{"rendered":"https:\/\/alquite.com.mx\/2025\/?p=3938"},"modified":"2025-06-20T20:48:23","modified_gmt":"2025-06-21T02:48:23","slug":"impulsan-aguascalientes-y-panama-alianza-para-fortalecer-el-intercambio-academico-exportaciones-y-desarrollo-economico","status":"publish","type":"post","link":"https:\/\/alquite.com.mx\/2025\/impulsan-aguascalientes-y-panama-alianza-para-fortalecer-el-intercambio-academico-exportaciones-y-desarrollo-economico\/","title":{"rendered":"Impulsan Aguascalientes y Panam\u00e1 alianza para fortalecer el intercambio acad\u00e9mico, exportaciones y desarrollo econ\u00f3mico"},"content":{"rendered":"\n<p id=\"viewer-6t0tp353\">La gobernadora de Aguascalientes, Tere Jim\u00e9nez, recibi\u00f3 en Palacio de Gobierno al embajador de Panam\u00e1 en M\u00e9xico, Abraham Mart\u00ednez Montilla, con quien acord\u00f3 trabajar para impulsar el intercambio acad\u00e9mico, agropecuario y sobre todo econ\u00f3mico, por ser este pa\u00eds latinoamericano un punto clave en el comercio mundial.&nbsp;&nbsp;<\/p>\n\n\n\n<p id=\"viewer-di0p4356\">\u201cVamos a fortalecer el hermanamiento entre Panam\u00e1 y Aguascalientes en beneficio de nuestra gente; tenemos varias cosas en com\u00fan que vamos a aprovechar para bien del desarrollo econ\u00f3mico y social de nuestro estado. Tenemos que seguir fortaleciendo a nuestro Continente Americano y siempre vamos a tener aliados, hermanos para acompa\u00f1arnos e ir creciendo juntos\u201d, sostuvo Tere Jim\u00e9nez.<\/p>\n\n\n\n<p id=\"viewer-bl53v359\">Reconoci\u00f3 el importante papel que juega Panam\u00e1 como una plataforma estrat\u00e9gica para las exportaciones, por lo que expres\u00f3 su inter\u00e9s de afianzar los lazos entre Aguascalientes y ese pa\u00eds para que los productos locales lleguen a todo el mundo, as\u00ed como para desarrollar proyectos en otros sectores clave para el estado, como el agropecuario, agroindustrial y de energ\u00edas renovables.<\/p>\n\n\n\n<p id=\"viewer-72aq8362\">Mart\u00ednez Montilla agradeci\u00f3 la anfitrion\u00eda de la gobernadora Tere Jim\u00e9nez y expres\u00f3 su disposici\u00f3n de colaborar y fortalecer lazos; extern\u00f3 su inter\u00e9s de establecer algunos convenios de colaboraci\u00f3n con universidades tecnol\u00f3gicas del estado para promover intercambios estudiantiles que permitan reforzar la preparaci\u00f3n de las y los estudiantes de Aguascalientes.<\/p>\n\n\n\n<p id=\"viewer-0iy5a365\">\u201cMuchas gracias, gobernadora, usted es un testimonio de que estamos con la gente buena de Aguascalientes; la gente de Aguascalientes es gente trabajadora, que va hacia adelante; le hacemos la invitaci\u00f3n para que integremos comercialmente a nuestros pueblos, que los integremos culturalmente\u201d, sostuvo.<\/p>\n\n\n\n<p id=\"viewer-z2du3368\">Por \u00faltimo, invit\u00f3 a los empresarios de Aguascalientes a que volteen a ver a Panam\u00e1: \u201cTenemos grandes oportunidades, tenemos un hub log\u00edstico, somos parte del Mercosur y tenemos la posibilidad de facilitarles nuestra plataforma de exportaci\u00f3n e importaci\u00f3n para el crecimiento de sus mercados\u201d, concluy\u00f3 el diplom\u00e1tico.<\/p>\n\n\n\n<p id=\"viewer-uils7371\">Durante el encuentro tambi\u00e9n estuvieron presentes el senador Juan Antonio Mart\u00edn del Campo; el subsecretario de Inversi\u00f3n y Desarrollo de la Secretar\u00eda de Desarrollo Econ\u00f3mico, Ciencia y Tecnolog\u00eda del Estado de Aguascalientes, Jorge Armando Andrade Seraf\u00edn; Karen Viviana Concepci\u00f3n Guerra, agregada de Asuntos Culturales de la Embajada de Jap\u00f3n en M\u00e9xico; Gerardo Lozano, enlace con la Embajada de Panam\u00e1; y David Morf\u00edn, segundo enlace con la Embajada de Panam\u00e1.<\/p>\n","protected":false},"excerpt":{"rendered":"<p>La gobernadora de Aguascalientes, Tere Jim\u00e9nez, recibi\u00f3 en Palacio de Gobierno al embajador de Panam\u00e1 en M\u00e9xico, Abraham Mart\u00ednez Montilla, [&hellip;]<\/p>\n","protected":false},"author":1,"featured_media":3939,"comment_status":"closed","ping_status":"open","sticky":false,"template":"","format":"standard","meta":{"_uag_custom_page_level_css":"","site-sidebar-layout":"default","site-content-layout":"","ast-site-content-layout":"","site-content-style":"default","site-sidebar-style":"default","ast-global-header-display":"","ast-banner-title-visibility":"","ast-main-header-display":"","ast-hfb-above-header-display":"","ast-hfb-below-header-display":"","ast-hfb-mobile-header-display":"","site-post-title":"","ast-breadcrumbs-content":"","ast-featured-img":"","footer-sml-layout":"","theme-transparent-header-meta":"","adv-header-id-meta":"","stick-header-meta":"","header-above-stick-meta":"","header-main-stick-meta":"","header-below-stick-meta":"","astra-migrate-meta-layouts":"default","ast-page-background-enabled":"default","ast-page-background-meta":{"desktop":{"background-color":"var(--ast-global-color-4)","background-image":"","background-repeat":"repeat","background-position":"center center","background-size":"auto","background-attachment":"scroll","background-type":"","background-media":"","overlay-type":"","overlay-color":"","overlay-opacity":"","overlay-gradient":""},"tablet":{"background-color":"","background-image":"","background-repeat":"repeat","background-position":"center center","background-size":"auto","background-attachment":"scroll","background-type":"","background-media":"","overlay-type":"","overlay-color":"","overlay-opacity":"","overlay-gradient":""},"mobile":{"background-color":"","background-image":"","background-repeat":"repeat","background-position":"center center","background-size":"auto","background-attachment":"scroll","background-type":"","background-media":"","overlay-type":"","overlay-color":"","overlay-opacity":"","overlay-gradient":""}},"ast-content-background-meta":{"desktop":{"background-color":"var(--ast-global-color-5)","background-image":"","background-repeat":"repeat","background-position":"center center","background-size":"auto","background-attachment":"scroll","background-type":"","background-media":"","overlay-type":"","overlay-color":"","overlay-opacity":"","overlay-gradient":""},"tablet":{"background-color":"var(--ast-global-color-5)","background-image":"","background-repeat":"repeat","background-position":"center center","background-size":"auto","background-attachment":"scroll","background-type":"","background-media":"","overlay-type":"","overlay-color":"","overlay-opacity":"","overlay-gradient":""},"mobile":{"background-color":"var(--ast-global-color-5)","background-image":"","background-repeat":"repeat","background-position":"center center","background-size":"auto","background-attachment":"scroll","background-type":"","background-media":"","overlay-type":"","overlay-color":"","overlay-opacity":"","overlay-gradient":""}},"footnotes":""},"categories":[6,12,11],"tags":[],"class_list":["post-3938","post","type-post","status-publish","format-standard","has-post-thumbnail","hentry","category-nacionales","category-noticia-destacada","category-noticias"],"uagb_featured_image_src":{"full":["https:\/\/alquite.com.mx\/2025\/wp-content\/uploads\/2025\/06\/IMG_9813.JPG.jpg",1024,734,false],"thumbnail":["https:\/\/alquite.com.mx\/2025\/wp-content\/uploads\/2025\/06\/IMG_9813.JPG-150x150.jpg",150,150,true],"medium":["https:\/\/alquite.com.mx\/2025\/wp-content\/uploads\/2025\/06\/IMG_9813.JPG-300x215.jpg",300,215,true],"medium_large":["https:\/\/alquite.com.mx\/2025\/wp-content\/uploads\/2025\/06\/IMG_9813.JPG-768x551.jpg",768,551,true],"large":["https:\/\/alquite.com.mx\/2025\/wp-content\/uploads\/2025\/06\/IMG_9813.JPG.jpg",1024,734,false],"1536x1536":["https:\/\/alquite.com.mx\/2025\/wp-content\/uploads\/2025\/06\/IMG_9813.JPG.jpg",1024,734,false],"2048x2048":["https:\/\/alquite.com.mx\/2025\/wp-content\/uploads\/2025\/06\/IMG_9813.JPG.jpg",1024,734,false]},"uagb_author_info":{"display_name":"admin","author_link":"https:\/\/alquite.com.mx\/2025\/author\/admin\/"},"uagb_comment_info":0,"uagb_excerpt":"La gobernadora de Aguascalientes, Tere Jim\u00e9nez, recibi\u00f3 en Palacio de Gobierno al embajador de Panam\u00e1 en M\u00e9xico, Abraham Mart\u00ednez Montilla, [&hellip;]","_links":{"self":[{"href":"https:\/\/alquite.com.mx\/2025\/wp-json\/wp\/v2\/posts\/3938","targetHints":{"allow":["GET"]}}],"collection":[{"href":"https:\/\/alquite.com.mx\/2025\/wp-json\/wp\/v2\/posts"}],"about":[{"href":"https:\/\/alquite.com.mx\/2025\/wp-json\/wp\/v2\/types\/post"}],"author":[{"embeddable":true,"href":"https:\/\/alquite.com.mx\/2025\/wp-json\/wp\/v2\/users\/1"}],"replies":[{"embeddable":true,"href":"https:\/\/alquite.com.mx\/2025\/wp-json\/wp\/v2\/comments?post=3938"}],"version-history":[{"count":1,"href":"https:\/\/alquite.com.mx\/2025\/wp-json\/wp\/v2\/posts\/3938\/revisions"}],"predecessor-version":[{"id":3940,"href":"https:\/\/alquite.com.mx\/2025\/wp-json\/wp\/v2\/posts\/3938\/revisions\/3940"}],"wp:featuredmedia":[{"embeddable":true,"href":"https:\/\/alquite.com.mx\/2025\/wp-json\/wp\/v2\/media\/3939"}],"wp:attachment":[{"href":"https:\/\/alquite.com.mx\/2025\/wp-json\/wp\/v2\/media?parent=3938"}],"wp:term":[{"taxonomy":"category","embeddable":true,"href":"https:\/\/alquite.com.mx\/2025\/wp-json\/wp\/v2\/categories?post=3938"},{"taxonomy":"post_tag","embeddable":true,"href":"https:\/\/alquite.com.mx\/2025\/wp-json\/wp\/v2\/tags?post=3938"}],"curies":[{"name":"wp","href":"https:\/\/api.w.org\/{rel}","templated":true}]}}