{"id":3932,"date":"2025-06-20T14:30:50","date_gmt":"2025-06-20T20:30:50","guid":{"rendered":"https:\/\/alquite.com.mx\/2025\/?p=3932"},"modified":"2025-06-20T14:30:53","modified_gmt":"2025-06-20T20:30:53","slug":"reconoce-tere-jimenez-esfuerzo-y-dedicacion-de-jovenes-graduados-de-bachilleratos-militarizados","status":"publish","type":"post","link":"https:\/\/alquite.com.mx\/2025\/reconoce-tere-jimenez-esfuerzo-y-dedicacion-de-jovenes-graduados-de-bachilleratos-militarizados\/","title":{"rendered":"Reconoce Tere Jim\u00e9nez esfuerzo y dedicaci\u00f3n de j\u00f3venes graduados de bachilleratos militarizados"},"content":{"rendered":"\n<p id=\"viewer-si5j4127\">La gobernadora de Aguascalientes, Tere Jim\u00e9nez, asisti\u00f3 a la ceremonia de graduaci\u00f3n de los Bachilleratos Militarizados \u201c<a target=\"_blank\" href=\"http:\/\/1.er\/\" rel=\"noreferrer noopener\">1.er<\/a> Escuadr\u00f3n de Lanceros de Aguascalientes\u201d, en su cuarta generaci\u00f3n, y \u201cJos\u00e9 Mar\u00eda Ch\u00e1vez\u201d, en su primera generaci\u00f3n, realizada en las instalaciones de la 14\/a. Zona Militar.<\/p>\n\n\n\n<p id=\"viewer-g81t8131\">Tere Jim\u00e9nez felicit\u00f3 a las y los 192 j\u00f3venes graduados por su esfuerzo, disciplina y compromiso, cualidades que dijo, son ejemplo de que con constancia se pueden alcanzar grandes metas.<\/p>\n\n\n\n<p id=\"viewer-quh0w133\">\u201cSigan so\u00f1ando, luchando, ilusion\u00e1ndose; nunca se rindan. Ustedes han sido ejemplo para muchos j\u00f3venes, sigan confiando en ustedes, pues no solo est\u00e1n preparados en conocimiento, sino en lucha, resistencia y resiliencia. Gracias a sus padres esta etapa fue de \u00e9xito y gracias a ellos se formaron con moral de vencedor, pues no importa de d\u00f3nde vengamos, sino a d\u00f3nde vamos. S\u00e9 que seguir\u00e1n luchando, ser\u00e1n gente de bien; resistan, persistan y nunca desistan. Gracias por nunca darse por vencidos\u201d, les dijo la gobernadora.<\/p>\n\n\n\n<p id=\"viewer-e4zsv135\">Juan Alfredo Barajas de Luna, director del Bachillerato General Militarizado \u201cJos\u00e9 Mar\u00eda Ch\u00e1vez\u201d, destac\u00f3 el compromiso de la gobernadora con la educaci\u00f3n y asegur\u00f3 que es un ejemplo para las y los egresados.&nbsp;<\/p>\n\n\n\n<p id=\"viewer-ydgkh137\">\u201cGracias, gobernadora, porque su respaldo ha sido fundamental, pues combina la excelencia acad\u00e9mica con liderazgo, elementos que han sido claves para consolidar este proyecto que hoy entrega a la sociedad su primera generaci\u00f3n\u201d, subray\u00f3 Barajas de Luna.<\/p>\n\n\n\n<p id=\"viewer-mxy2k139\">Eduardo G\u00f3mez G\u00f3mez, director del Bachillerato Militarizado, \u201c<a target=\"_blank\" href=\"http:\/\/1.er\/\" rel=\"noreferrer noopener\">1.er<\/a> Escuadr\u00f3n Lanceros de Aguascalientes\u201d, felicit\u00f3 a los alumnos y padres de familia por este logro.<\/p>\n\n\n\n<p id=\"viewer-iiy9g143\">\u201cA los padres de familia les digo que su apoyo fue fundamental para esta generaci\u00f3n, ustedes son los pilares emocionales de las y los alumnos. Gobernadora, muchas gracias por su respaldo a este proyecto que lleva ya cinco a\u00f1os y que sigue demostrando su capacidad de transformar la vida de los estudiantes y de las comunidades\u201d, destac\u00f3 el director.<\/p>\n\n\n\n<p id=\"viewer-wzxgs145\">Las graduadas Jazm\u00edn Mac\u00edas M\u00e9ndez y Nataly Torres Ruiz coincidieron en que el bachillerato las prepar\u00f3 para ser disciplinadas y seguir con la frente en alto, sin importar las adversidades que se puedan presentar.<\/p>\n\n\n\n<p id=\"viewer-ryfnz147\">Tambi\u00e9n estuvieron presentes Mar\u00eda de Jes\u00fas D\u00edaz Marmolejo, senadora de la Rep\u00fablica; Luis Le\u00f3n, presidente de la Mesa Directiva del H. Congreso del Estado; Luc\u00eda de Le\u00f3n Urs\u00faa, presidenta de la Comisi\u00f3n de Educaci\u00f3n y Cultura del H. Congreso del Estado; Homero Edmundo Blanco Lozada, coordinador estatal de la Guardia Nacional en Aguascalientes; Luis Enrique Morales Castillo, segundo comandante del 4to Regimiento Mecanizado; Rom\u00e1n Mora Cruz, jefe de operaciones del 4to Regimiento Mecanizado; Antonio Mart\u00ednez Romo, secretario de Seguridad P\u00fablica del Estado; Manuel Alonso Garc\u00eda, fiscal general del Estado; Luis Enrique Guti\u00e9rrez Reynoso, director general del Instituto de Educaci\u00f3n de Aguascalientes, y Cristina Cruz Cruz, coordinadora general de Enlace Educativo de la SEP.<\/p>\n","protected":false},"excerpt":{"rendered":"<p>La gobernadora de Aguascalientes, Tere Jim\u00e9nez, asisti\u00f3 a la ceremonia de graduaci\u00f3n de los Bachilleratos Militarizados \u201c1.er Escuadr\u00f3n de Lanceros [&hellip;]<\/p>\n","protected":false},"author":1,"featured_media":3933,"comment_status":"closed","ping_status":"open","sticky":false,"template":"","format":"standard","meta":{"_uag_custom_page_level_css":"","site-sidebar-layout":"default","site-content-layout":"","ast-site-content-layout":"","site-content-style":"default","site-sidebar-style":"default","ast-global-header-display":"","ast-banner-title-visibility":"","ast-main-header-display":"","ast-hfb-above-header-display":"","ast-hfb-below-header-display":"","ast-hfb-mobile-header-display":"","site-post-title":"","ast-breadcrumbs-content":"","ast-featured-img":"","footer-sml-layout":"","theme-transparent-header-meta":"","adv-header-id-meta":"","stick-header-meta":"","header-above-stick-meta":"","header-main-stick-meta":"","header-below-stick-meta":"","astra-migrate-meta-layouts":"default","ast-page-background-enabled":"default","ast-page-background-meta":{"desktop":{"background-color":"var(--ast-global-color-4)","background-image":"","background-repeat":"repeat","background-position":"center center","background-size":"auto","background-attachment":"scroll","background-type":"","background-media":"","overlay-type":"","overlay-color":"","overlay-opacity":"","overlay-gradient":""},"tablet":{"background-color":"","background-image":"","background-repeat":"repeat","background-position":"center center","background-size":"auto","background-attachment":"scroll","background-type":"","background-media":"","overlay-type":"","overlay-color":"","overlay-opacity":"","overlay-gradient":""},"mobile":{"background-color":"","background-image":"","background-repeat":"repeat","background-position":"center center","background-size":"auto","background-attachment":"scroll","background-type":"","background-media":"","overlay-type":"","overlay-color":"","overlay-opacity":"","overlay-gradient":""}},"ast-content-background-meta":{"desktop":{"background-color":"var(--ast-global-color-5)","background-image":"","background-repeat":"repeat","background-position":"center center","background-size":"auto","background-attachment":"scroll","background-type":"","background-media":"","overlay-type":"","overlay-color":"","overlay-opacity":"","overlay-gradient":""},"tablet":{"background-color":"var(--ast-global-color-5)","background-image":"","background-repeat":"repeat","background-position":"center center","background-size":"auto","background-attachment":"scroll","background-type":"","background-media":"","overlay-type":"","overlay-color":"","overlay-opacity":"","overlay-gradient":""},"mobile":{"background-color":"var(--ast-global-color-5)","background-image":"","background-repeat":"repeat","background-position":"center center","background-size":"auto","background-attachment":"scroll","background-type":"","background-media":"","overlay-type":"","overlay-color":"","overlay-opacity":"","overlay-gradient":""}},"footnotes":""},"categories":[6,12,11],"tags":[],"class_list":["post-3932","post","type-post","status-publish","format-standard","has-post-thumbnail","hentry","category-nacionales","category-noticia-destacada","category-noticias"],"uagb_featured_image_src":{"full":["https:\/\/alquite.com.mx\/2025\/wp-content\/uploads\/2025\/06\/WhatsApp-Image-2025-06-20-at-1.32.52-PM-4.jpeg",1024,699,false],"thumbnail":["https:\/\/alquite.com.mx\/2025\/wp-content\/uploads\/2025\/06\/WhatsApp-Image-2025-06-20-at-1.32.52-PM-4-150x150.jpeg",150,150,true],"medium":["https:\/\/alquite.com.mx\/2025\/wp-content\/uploads\/2025\/06\/WhatsApp-Image-2025-06-20-at-1.32.52-PM-4-300x205.jpeg",300,205,true],"medium_large":["https:\/\/alquite.com.mx\/2025\/wp-content\/uploads\/2025\/06\/WhatsApp-Image-2025-06-20-at-1.32.52-PM-4-768x524.jpeg",768,524,true],"large":["https:\/\/alquite.com.mx\/2025\/wp-content\/uploads\/2025\/06\/WhatsApp-Image-2025-06-20-at-1.32.52-PM-4.jpeg",1024,699,false],"1536x1536":["https:\/\/alquite.com.mx\/2025\/wp-content\/uploads\/2025\/06\/WhatsApp-Image-2025-06-20-at-1.32.52-PM-4.jpeg",1024,699,false],"2048x2048":["https:\/\/alquite.com.mx\/2025\/wp-content\/uploads\/2025\/06\/WhatsApp-Image-2025-06-20-at-1.32.52-PM-4.jpeg",1024,699,false]},"uagb_author_info":{"display_name":"admin","author_link":"https:\/\/alquite.com.mx\/2025\/author\/admin\/"},"uagb_comment_info":0,"uagb_excerpt":"La gobernadora de Aguascalientes, Tere Jim\u00e9nez, asisti\u00f3 a la ceremonia de graduaci\u00f3n de los Bachilleratos Militarizados \u201c1.er Escuadr\u00f3n de Lanceros [&hellip;]","_links":{"self":[{"href":"https:\/\/alquite.com.mx\/2025\/wp-json\/wp\/v2\/posts\/3932","targetHints":{"allow":["GET"]}}],"collection":[{"href":"https:\/\/alquite.com.mx\/2025\/wp-json\/wp\/v2\/posts"}],"about":[{"href":"https:\/\/alquite.com.mx\/2025\/wp-json\/wp\/v2\/types\/post"}],"author":[{"embeddable":true,"href":"https:\/\/alquite.com.mx\/2025\/wp-json\/wp\/v2\/users\/1"}],"replies":[{"embeddable":true,"href":"https:\/\/alquite.com.mx\/2025\/wp-json\/wp\/v2\/comments?post=3932"}],"version-history":[{"count":1,"href":"https:\/\/alquite.com.mx\/2025\/wp-json\/wp\/v2\/posts\/3932\/revisions"}],"predecessor-version":[{"id":3934,"href":"https:\/\/alquite.com.mx\/2025\/wp-json\/wp\/v2\/posts\/3932\/revisions\/3934"}],"wp:featuredmedia":[{"embeddable":true,"href":"https:\/\/alquite.com.mx\/2025\/wp-json\/wp\/v2\/media\/3933"}],"wp:attachment":[{"href":"https:\/\/alquite.com.mx\/2025\/wp-json\/wp\/v2\/media?parent=3932"}],"wp:term":[{"taxonomy":"category","embeddable":true,"href":"https:\/\/alquite.com.mx\/2025\/wp-json\/wp\/v2\/categories?post=3932"},{"taxonomy":"post_tag","embeddable":true,"href":"https:\/\/alquite.com.mx\/2025\/wp-json\/wp\/v2\/tags?post=3932"}],"curies":[{"name":"wp","href":"https:\/\/api.w.org\/{rel}","templated":true}]}}