{"id":3926,"date":"2025-06-20T14:23:27","date_gmt":"2025-06-20T20:23:27","guid":{"rendered":"https:\/\/alquite.com.mx\/2025\/?p=3926"},"modified":"2025-06-20T14:23:30","modified_gmt":"2025-06-20T20:23:30","slug":"fernando-adrian-un-arranque-de-verano-de-responsabilidad-y-compromiso-con-el-toreo","status":"publish","type":"post","link":"https:\/\/alquite.com.mx\/2025\/fernando-adrian-un-arranque-de-verano-de-responsabilidad-y-compromiso-con-el-toreo\/","title":{"rendered":"Fernando Adri\u00e1n: un arranque de verano de responsabilidad y compromiso con el toreo"},"content":{"rendered":"\n<p><strong>Tras su importante actuaci\u00f3n en la Corrida de la Beneficencia del pasado 8 de junio, Fernando Adri\u00e1n encara el final de mes con el pulso firme y la mirada fija en los carteles de relevancia que tiene por delante.<\/strong> Cort\u00f3 una oreja en Las Ventas, s\u00ed, pero dej\u00f3 algo m\u00e1s importante: una sensaci\u00f3n de torero hecho, de madurez serena y ambici\u00f3n contenida. Y un toreo a la ver\u00f3nica de muchos quilates.<\/p>\n\n\n\n<p><strong>Con esa carta de presentaci\u00f3n, se adentra ahora en un final de junio y un arranque de julio cargados de exigencia, de plazas distintas, pero con un denominador com\u00fan: la responsabilidad de responder como hasta ahora al nivel que ya le exige el aficionado.<\/strong> El pr\u00f3ximo 23 de junio se anuncia en <strong>Torrej\u00f3n de Ardoz<\/strong>, en un cartel de alto voltaje junto a <strong>Emilio de Justo y Marco P\u00e9rez<\/strong>, con toros de Valdefresno. Una Feria, adem\u00e1s, de la que sali\u00f3 como triunfador en la pasada edici\u00f3n y en la que vuelve con ese gal\u00f3n.<\/p>\n\n\n\n<p><strong>Apenas cuatro d\u00edas despu\u00e9s, el 27 de junio, cruzar\u00e1 el Atl\u00e1ntico para actuar en Chota, Per\u00fa, <\/strong><strong>una de las plazas m\u00e1s representativas del circuito andino, donde compartir\u00e1 cartel con Sebasti\u00e1n Castella y Juan Carlos Cubas<\/strong><strong>, frente a un encierro de San Jos\u00e9 del Monte.<\/strong> La cita tiene su importancia: Per\u00fa fue el primer pa\u00eds que le abri\u00f3 las puertas de Am\u00e9rica, y all\u00ed tambi\u00e9n se le espera. Cada paso, cada viaje, cada tarde, tienen ahora un peso diferente.&nbsp;<\/p>\n\n\n\n<p><strong>Y ya a inicios de julio, el d\u00eda 6, volver\u00e1 a Teruel, en la Feria del \u00c1ngel, en un cartel de altos vuelos junto a Borja Jim\u00e9nez y Roca Rey, con toros de Luis Algarra.<\/strong> Ser\u00e1 una tarde para seguir midi\u00e9ndose en carteles donde nadie regala nada. Y todo<strong> antes de su cita sanferminera en Pamplona<\/strong><strong>, un ruedo al que regresar\u00e1 el d\u00eda 13 de julio para lidiar la corrida de La Palmosilla.<\/strong><\/p>\n","protected":false},"excerpt":{"rendered":"<p>Tras su importante actuaci\u00f3n en la Corrida de la Beneficencia del pasado 8 de junio, Fernando Adri\u00e1n encara el final [&hellip;]<\/p>\n","protected":false},"author":1,"featured_media":3927,"comment_status":"closed","ping_status":"open","sticky":false,"template":"","format":"standard","meta":{"_uag_custom_page_level_css":"","site-sidebar-layout":"default","site-content-layout":"","ast-site-content-layout":"","site-content-style":"default","site-sidebar-style":"default","ast-global-header-display":"","ast-banner-title-visibility":"","ast-main-header-display":"","ast-hfb-above-header-display":"","ast-hfb-below-header-display":"","ast-hfb-mobile-header-display":"","site-post-title":"","ast-breadcrumbs-content":"","ast-featured-img":"","footer-sml-layout":"","theme-transparent-header-meta":"","adv-header-id-meta":"","stick-header-meta":"","header-above-stick-meta":"","header-main-stick-meta":"","header-below-stick-meta":"","astra-migrate-meta-layouts":"default","ast-page-background-enabled":"default","ast-page-background-meta":{"desktop":{"background-color":"var(--ast-global-color-4)","background-image":"","background-repeat":"repeat","background-position":"center center","background-size":"auto","background-attachment":"scroll","background-type":"","background-media":"","overlay-type":"","overlay-color":"","overlay-opacity":"","overlay-gradient":""},"tablet":{"background-color":"","background-image":"","background-repeat":"repeat","background-position":"center center","background-size":"auto","background-attachment":"scroll","background-type":"","background-media":"","overlay-type":"","overlay-color":"","overlay-opacity":"","overlay-gradient":""},"mobile":{"background-color":"","background-image":"","background-repeat":"repeat","background-position":"center center","background-size":"auto","background-attachment":"scroll","background-type":"","background-media":"","overlay-type":"","overlay-color":"","overlay-opacity":"","overlay-gradient":""}},"ast-content-background-meta":{"desktop":{"background-color":"var(--ast-global-color-5)","background-image":"","background-repeat":"repeat","background-position":"center center","background-size":"auto","background-attachment":"scroll","background-type":"","background-media":"","overlay-type":"","overlay-color":"","overlay-opacity":"","overlay-gradient":""},"tablet":{"background-color":"var(--ast-global-color-5)","background-image":"","background-repeat":"repeat","background-position":"center center","background-size":"auto","background-attachment":"scroll","background-type":"","background-media":"","overlay-type":"","overlay-color":"","overlay-opacity":"","overlay-gradient":""},"mobile":{"background-color":"var(--ast-global-color-5)","background-image":"","background-repeat":"repeat","background-position":"center center","background-size":"auto","background-attachment":"scroll","background-type":"","background-media":"","overlay-type":"","overlay-color":"","overlay-opacity":"","overlay-gradient":""}},"footnotes":""},"categories":[6,12,11],"tags":[],"class_list":["post-3926","post","type-post","status-publish","format-standard","has-post-thumbnail","hentry","category-nacionales","category-noticia-destacada","category-noticias"],"uagb_featured_image_src":{"full":["https:\/\/alquite.com.mx\/2025\/wp-content\/uploads\/2025\/06\/Fernando-Adria\u0301n.jpg",1024,683,false],"thumbnail":["https:\/\/alquite.com.mx\/2025\/wp-content\/uploads\/2025\/06\/Fernando-Adria\u0301n-150x150.jpg",150,150,true],"medium":["https:\/\/alquite.com.mx\/2025\/wp-content\/uploads\/2025\/06\/Fernando-Adria\u0301n-300x200.jpg",300,200,true],"medium_large":["https:\/\/alquite.com.mx\/2025\/wp-content\/uploads\/2025\/06\/Fernando-Adria\u0301n-768x512.jpg",768,512,true],"large":["https:\/\/alquite.com.mx\/2025\/wp-content\/uploads\/2025\/06\/Fernando-Adria\u0301n.jpg",1024,683,false],"1536x1536":["https:\/\/alquite.com.mx\/2025\/wp-content\/uploads\/2025\/06\/Fernando-Adria\u0301n.jpg",1024,683,false],"2048x2048":["https:\/\/alquite.com.mx\/2025\/wp-content\/uploads\/2025\/06\/Fernando-Adria\u0301n.jpg",1024,683,false]},"uagb_author_info":{"display_name":"admin","author_link":"https:\/\/alquite.com.mx\/2025\/author\/admin\/"},"uagb_comment_info":0,"uagb_excerpt":"Tras su importante actuaci\u00f3n en la Corrida de la Beneficencia del pasado 8 de junio, Fernando Adri\u00e1n encara el final [&hellip;]","_links":{"self":[{"href":"https:\/\/alquite.com.mx\/2025\/wp-json\/wp\/v2\/posts\/3926","targetHints":{"allow":["GET"]}}],"collection":[{"href":"https:\/\/alquite.com.mx\/2025\/wp-json\/wp\/v2\/posts"}],"about":[{"href":"https:\/\/alquite.com.mx\/2025\/wp-json\/wp\/v2\/types\/post"}],"author":[{"embeddable":true,"href":"https:\/\/alquite.com.mx\/2025\/wp-json\/wp\/v2\/users\/1"}],"replies":[{"embeddable":true,"href":"https:\/\/alquite.com.mx\/2025\/wp-json\/wp\/v2\/comments?post=3926"}],"version-history":[{"count":1,"href":"https:\/\/alquite.com.mx\/2025\/wp-json\/wp\/v2\/posts\/3926\/revisions"}],"predecessor-version":[{"id":3928,"href":"https:\/\/alquite.com.mx\/2025\/wp-json\/wp\/v2\/posts\/3926\/revisions\/3928"}],"wp:featuredmedia":[{"embeddable":true,"href":"https:\/\/alquite.com.mx\/2025\/wp-json\/wp\/v2\/media\/3927"}],"wp:attachment":[{"href":"https:\/\/alquite.com.mx\/2025\/wp-json\/wp\/v2\/media?parent=3926"}],"wp:term":[{"taxonomy":"category","embeddable":true,"href":"https:\/\/alquite.com.mx\/2025\/wp-json\/wp\/v2\/categories?post=3926"},{"taxonomy":"post_tag","embeddable":true,"href":"https:\/\/alquite.com.mx\/2025\/wp-json\/wp\/v2\/tags?post=3926"}],"curies":[{"name":"wp","href":"https:\/\/api.w.org\/{rel}","templated":true}]}}