{"id":3911,"date":"2025-06-19T23:17:20","date_gmt":"2025-06-20T05:17:20","guid":{"rendered":"https:\/\/alquite.com.mx\/2025\/?p=3911"},"modified":"2025-06-19T23:17:24","modified_gmt":"2025-06-20T05:17:24","slug":"bruno-aloi-intensifica-su-preparacion-en-espana","status":"publish","type":"post","link":"https:\/\/alquite.com.mx\/2025\/bruno-aloi-intensifica-su-preparacion-en-espana\/","title":{"rendered":"Bruno Aloi intensifica su preparaci\u00f3n en Espa\u00f1a"},"content":{"rendered":"\n<p>Bruno Aloi ha intensificado su preparaci\u00f3n de cara a las novilladas que tiene por torear en Espa\u00f1a antes de que termine el mes de junio, y previo a su pr\u00f3xima actuaci\u00f3n en la plaza de Las Ventas de Madrid, y en los \u00faltimos d\u00edas ha estado tentando vacas y matando toros a puerta cerrada en distintas ganader\u00edas.<\/p>\n\n\n\n<p>En la finca del reconocido futbolista Ra\u00fal de Tom\u00e1s, que actualmente est\u00e1 formando su ganader\u00eda con mucha ilusi\u00f3n, tuvo oportunidad de torear un novillo al que hizo una faena entregada que tuvo momentos de buen toreo por ambos pitones.<\/p>\n\n\n\n<p>A la hora de entrar a matar sufri\u00f3 un corte en la mu\u00f1eca izquierda. Sin embargo, se trata de un percance que, afortunadamente, no lesion\u00f3 nervios o tendones. Fue atendido en el Hospital Universitario del Sureste de Arganda del Rey (Madrid), donde le lavaron la herida y le pusieron ocho puntos de sutura.<\/p>\n\n\n\n<p>Bruno regresar\u00e1 este s\u00e1bado a la plaza de Trillo (Guadalajara), luego de ser uno de los triunfadores del a\u00f1o anterior, para afrontar un \u00abDesaf\u00edo Ganadero\u00bb en el que alternar\u00e1 con V\u00edctor Cerrato y Cid de Mar\u00eda, para lidiar un encierro compuesto por los hierros de Baltasar Ib\u00e1n y Guerrero y Capinteiro.<\/p>\n\n\n\n<p>Posteriormente, el s\u00e1bado 28 de junio est\u00e1 anunciado en Navas del Rey (Ja\u00e9n), plaza en la que en 2024 tambi\u00e9n cort\u00f3 tres. En esta ocasi\u00f3n compartir\u00e1 cartel con Clemente Jaume y Julio Norte con novillos de El Cotillo y Los Ronceles, en el marco de la Feria y Fiestas de San Juan Bautista.<\/p>\n","protected":false},"excerpt":{"rendered":"<p>Bruno Aloi ha intensificado su preparaci\u00f3n de cara a las novilladas que tiene por torear en Espa\u00f1a antes de que [&hellip;]<\/p>\n","protected":false},"author":1,"featured_media":3912,"comment_status":"closed","ping_status":"open","sticky":false,"template":"","format":"standard","meta":{"_uag_custom_page_level_css":"","site-sidebar-layout":"default","site-content-layout":"","ast-site-content-layout":"","site-content-style":"default","site-sidebar-style":"default","ast-global-header-display":"","ast-banner-title-visibility":"","ast-main-header-display":"","ast-hfb-above-header-display":"","ast-hfb-below-header-display":"","ast-hfb-mobile-header-display":"","site-post-title":"","ast-breadcrumbs-content":"","ast-featured-img":"","footer-sml-layout":"","theme-transparent-header-meta":"","adv-header-id-meta":"","stick-header-meta":"","header-above-stick-meta":"","header-main-stick-meta":"","header-below-stick-meta":"","astra-migrate-meta-layouts":"default","ast-page-background-enabled":"default","ast-page-background-meta":{"desktop":{"background-color":"var(--ast-global-color-4)","background-image":"","background-repeat":"repeat","background-position":"center center","background-size":"auto","background-attachment":"scroll","background-type":"","background-media":"","overlay-type":"","overlay-color":"","overlay-opacity":"","overlay-gradient":""},"tablet":{"background-color":"","background-image":"","background-repeat":"repeat","background-position":"center center","background-size":"auto","background-attachment":"scroll","background-type":"","background-media":"","overlay-type":"","overlay-color":"","overlay-opacity":"","overlay-gradient":""},"mobile":{"background-color":"","background-image":"","background-repeat":"repeat","background-position":"center center","background-size":"auto","background-attachment":"scroll","background-type":"","background-media":"","overlay-type":"","overlay-color":"","overlay-opacity":"","overlay-gradient":""}},"ast-content-background-meta":{"desktop":{"background-color":"var(--ast-global-color-5)","background-image":"","background-repeat":"repeat","background-position":"center center","background-size":"auto","background-attachment":"scroll","background-type":"","background-media":"","overlay-type":"","overlay-color":"","overlay-opacity":"","overlay-gradient":""},"tablet":{"background-color":"var(--ast-global-color-5)","background-image":"","background-repeat":"repeat","background-position":"center center","background-size":"auto","background-attachment":"scroll","background-type":"","background-media":"","overlay-type":"","overlay-color":"","overlay-opacity":"","overlay-gradient":""},"mobile":{"background-color":"var(--ast-global-color-5)","background-image":"","background-repeat":"repeat","background-position":"center center","background-size":"auto","background-attachment":"scroll","background-type":"","background-media":"","overlay-type":"","overlay-color":"","overlay-opacity":"","overlay-gradient":""}},"footnotes":""},"categories":[6,12,11],"tags":[],"class_list":["post-3911","post","type-post","status-publish","format-standard","has-post-thumbnail","hentry","category-nacionales","category-noticia-destacada","category-noticias"],"uagb_featured_image_src":{"full":["https:\/\/alquite.com.mx\/2025\/wp-content\/uploads\/2025\/06\/FOTO-2.jpg",1024,677,false],"thumbnail":["https:\/\/alquite.com.mx\/2025\/wp-content\/uploads\/2025\/06\/FOTO-2-150x150.jpg",150,150,true],"medium":["https:\/\/alquite.com.mx\/2025\/wp-content\/uploads\/2025\/06\/FOTO-2-300x198.jpg",300,198,true],"medium_large":["https:\/\/alquite.com.mx\/2025\/wp-content\/uploads\/2025\/06\/FOTO-2-768x508.jpg",768,508,true],"large":["https:\/\/alquite.com.mx\/2025\/wp-content\/uploads\/2025\/06\/FOTO-2.jpg",1024,677,false],"1536x1536":["https:\/\/alquite.com.mx\/2025\/wp-content\/uploads\/2025\/06\/FOTO-2.jpg",1024,677,false],"2048x2048":["https:\/\/alquite.com.mx\/2025\/wp-content\/uploads\/2025\/06\/FOTO-2.jpg",1024,677,false]},"uagb_author_info":{"display_name":"admin","author_link":"https:\/\/alquite.com.mx\/2025\/author\/admin\/"},"uagb_comment_info":0,"uagb_excerpt":"Bruno Aloi ha intensificado su preparaci\u00f3n de cara a las novilladas que tiene por torear en Espa\u00f1a antes de que [&hellip;]","_links":{"self":[{"href":"https:\/\/alquite.com.mx\/2025\/wp-json\/wp\/v2\/posts\/3911","targetHints":{"allow":["GET"]}}],"collection":[{"href":"https:\/\/alquite.com.mx\/2025\/wp-json\/wp\/v2\/posts"}],"about":[{"href":"https:\/\/alquite.com.mx\/2025\/wp-json\/wp\/v2\/types\/post"}],"author":[{"embeddable":true,"href":"https:\/\/alquite.com.mx\/2025\/wp-json\/wp\/v2\/users\/1"}],"replies":[{"embeddable":true,"href":"https:\/\/alquite.com.mx\/2025\/wp-json\/wp\/v2\/comments?post=3911"}],"version-history":[{"count":1,"href":"https:\/\/alquite.com.mx\/2025\/wp-json\/wp\/v2\/posts\/3911\/revisions"}],"predecessor-version":[{"id":3913,"href":"https:\/\/alquite.com.mx\/2025\/wp-json\/wp\/v2\/posts\/3911\/revisions\/3913"}],"wp:featuredmedia":[{"embeddable":true,"href":"https:\/\/alquite.com.mx\/2025\/wp-json\/wp\/v2\/media\/3912"}],"wp:attachment":[{"href":"https:\/\/alquite.com.mx\/2025\/wp-json\/wp\/v2\/media?parent=3911"}],"wp:term":[{"taxonomy":"category","embeddable":true,"href":"https:\/\/alquite.com.mx\/2025\/wp-json\/wp\/v2\/categories?post=3911"},{"taxonomy":"post_tag","embeddable":true,"href":"https:\/\/alquite.com.mx\/2025\/wp-json\/wp\/v2\/tags?post=3911"}],"curies":[{"name":"wp","href":"https:\/\/api.w.org\/{rel}","templated":true}]}}