{"id":3902,"date":"2025-06-19T02:34:47","date_gmt":"2025-06-19T08:34:47","guid":{"rendered":"https:\/\/alquite.com.mx\/2025\/?p=3902"},"modified":"2025-06-19T02:34:50","modified_gmt":"2025-06-19T08:34:50","slug":"tere-jimenez-reconoce-avances-en-la-fiscalia-estatal-y-llama-a-seguir-trabajando-en-el-fortalecimiento-de-la-justicia","status":"publish","type":"post","link":"https:\/\/alquite.com.mx\/2025\/tere-jimenez-reconoce-avances-en-la-fiscalia-estatal-y-llama-a-seguir-trabajando-en-el-fortalecimiento-de-la-justicia\/","title":{"rendered":"Tere Jim\u00e9nez reconoce avances en la Fiscal\u00eda Estatal y llama a seguir trabajando en el fortalecimiento de la justicia"},"content":{"rendered":"\n<p id=\"viewer-essdh159\">Al asistir al informe de los primeros 100 d\u00edas del fiscal general del Estado, Manuel Alonso Garc\u00eda, la gobernadora de Aguascalientes, Tere Jim\u00e9nez, reconoci\u00f3 los logros obtenidos por la Fiscal\u00eda General del Estado (FGE) en esta nueva etapa; llam\u00f3 a la instituci\u00f3n a fortalecer, desde su trinchera, el acceso a la justicia, la integraci\u00f3n s\u00f3lida de las carpetas de investigaci\u00f3n y el combate frontal a la impunidad.<\/p>\n\n\n\n<p id=\"viewer-tql9p162\">\u201cReconozco y agradezco el trabajo que se realiza desde la Fiscal\u00eda; estoy segura de que juntos seguiremos avanzando para consolidar a Aguascalientes como el gigante de la seguridad. Pero tambi\u00e9n le pedimos a la Fiscal\u00eda que integre, con certeza, las carpetas de investigaci\u00f3n para que ning\u00fan delito quede impune, que no bajen la guardia, porque en Aguascalientes queremos vivir con libertad y seguir creyendo en nuestras instituciones\u201d, subray\u00f3.<\/p>\n\n\n\n<p id=\"viewer-uj35h165\">La gobernadora reiter\u00f3 que la seguridad es un pilar fundamental para el desarrollo econ\u00f3mico, social y la calidad de vida de las familias de Aguascalientes.<\/p>\n\n\n\n<p id=\"viewer-8gzor168\">\u201cNo daremos marcha atr\u00e1s cuando se trata de defender a Aguascalientes. Que todos sepan que en nuestro estado, el que la hace, la paga. Vamos a abrazar a las v\u00edctimas y a hacer justicia con los criminales\u201d, afirm\u00f3.<\/p>\n\n\n\n<p id=\"viewer-hyhji171\">Tere Jim\u00e9nez destac\u00f3 que, desde su administraci\u00f3n, continuar\u00e1 fortaleciendo a las corporaciones policiales con tecnolog\u00eda, equipamiento y profesionalizaci\u00f3n constante.&nbsp;<\/p>\n\n\n\n<p id=\"viewer-0d81c174\">Finalmente, felicit\u00f3 a Manuel Alonso Garc\u00eda por los resultados presentados y lo exhort\u00f3 a continuar consolidando a la Fiscal\u00eda como una instituci\u00f3n justa, humana y cercana a la ciudadan\u00eda.<\/p>\n","protected":false},"excerpt":{"rendered":"<p>Al asistir al informe de los primeros 100 d\u00edas del fiscal general del Estado, Manuel Alonso Garc\u00eda, la gobernadora de [&hellip;]<\/p>\n","protected":false},"author":1,"featured_media":3903,"comment_status":"closed","ping_status":"open","sticky":false,"template":"","format":"standard","meta":{"_uag_custom_page_level_css":"","site-sidebar-layout":"default","site-content-layout":"","ast-site-content-layout":"","site-content-style":"default","site-sidebar-style":"default","ast-global-header-display":"","ast-banner-title-visibility":"","ast-main-header-display":"","ast-hfb-above-header-display":"","ast-hfb-below-header-display":"","ast-hfb-mobile-header-display":"","site-post-title":"","ast-breadcrumbs-content":"","ast-featured-img":"","footer-sml-layout":"","theme-transparent-header-meta":"","adv-header-id-meta":"","stick-header-meta":"","header-above-stick-meta":"","header-main-stick-meta":"","header-below-stick-meta":"","astra-migrate-meta-layouts":"default","ast-page-background-enabled":"default","ast-page-background-meta":{"desktop":{"background-color":"var(--ast-global-color-4)","background-image":"","background-repeat":"repeat","background-position":"center center","background-size":"auto","background-attachment":"scroll","background-type":"","background-media":"","overlay-type":"","overlay-color":"","overlay-opacity":"","overlay-gradient":""},"tablet":{"background-color":"","background-image":"","background-repeat":"repeat","background-position":"center center","background-size":"auto","background-attachment":"scroll","background-type":"","background-media":"","overlay-type":"","overlay-color":"","overlay-opacity":"","overlay-gradient":""},"mobile":{"background-color":"","background-image":"","background-repeat":"repeat","background-position":"center center","background-size":"auto","background-attachment":"scroll","background-type":"","background-media":"","overlay-type":"","overlay-color":"","overlay-opacity":"","overlay-gradient":""}},"ast-content-background-meta":{"desktop":{"background-color":"var(--ast-global-color-5)","background-image":"","background-repeat":"repeat","background-position":"center center","background-size":"auto","background-attachment":"scroll","background-type":"","background-media":"","overlay-type":"","overlay-color":"","overlay-opacity":"","overlay-gradient":""},"tablet":{"background-color":"var(--ast-global-color-5)","background-image":"","background-repeat":"repeat","background-position":"center center","background-size":"auto","background-attachment":"scroll","background-type":"","background-media":"","overlay-type":"","overlay-color":"","overlay-opacity":"","overlay-gradient":""},"mobile":{"background-color":"var(--ast-global-color-5)","background-image":"","background-repeat":"repeat","background-position":"center center","background-size":"auto","background-attachment":"scroll","background-type":"","background-media":"","overlay-type":"","overlay-color":"","overlay-opacity":"","overlay-gradient":""}},"footnotes":""},"categories":[6,12,11],"tags":[],"class_list":["post-3902","post","type-post","status-publish","format-standard","has-post-thumbnail","hentry","category-nacionales","category-noticia-destacada","category-noticias"],"uagb_featured_image_src":{"full":["https:\/\/alquite.com.mx\/2025\/wp-content\/uploads\/2025\/06\/100-di\u0301as-2.jpg",1024,727,false],"thumbnail":["https:\/\/alquite.com.mx\/2025\/wp-content\/uploads\/2025\/06\/100-di\u0301as-2-150x150.jpg",150,150,true],"medium":["https:\/\/alquite.com.mx\/2025\/wp-content\/uploads\/2025\/06\/100-di\u0301as-2-300x213.jpg",300,213,true],"medium_large":["https:\/\/alquite.com.mx\/2025\/wp-content\/uploads\/2025\/06\/100-di\u0301as-2-768x545.jpg",768,545,true],"large":["https:\/\/alquite.com.mx\/2025\/wp-content\/uploads\/2025\/06\/100-di\u0301as-2.jpg",1024,727,false],"1536x1536":["https:\/\/alquite.com.mx\/2025\/wp-content\/uploads\/2025\/06\/100-di\u0301as-2.jpg",1024,727,false],"2048x2048":["https:\/\/alquite.com.mx\/2025\/wp-content\/uploads\/2025\/06\/100-di\u0301as-2.jpg",1024,727,false]},"uagb_author_info":{"display_name":"admin","author_link":"https:\/\/alquite.com.mx\/2025\/author\/admin\/"},"uagb_comment_info":0,"uagb_excerpt":"Al asistir al informe de los primeros 100 d\u00edas del fiscal general del Estado, Manuel Alonso Garc\u00eda, la gobernadora de [&hellip;]","_links":{"self":[{"href":"https:\/\/alquite.com.mx\/2025\/wp-json\/wp\/v2\/posts\/3902","targetHints":{"allow":["GET"]}}],"collection":[{"href":"https:\/\/alquite.com.mx\/2025\/wp-json\/wp\/v2\/posts"}],"about":[{"href":"https:\/\/alquite.com.mx\/2025\/wp-json\/wp\/v2\/types\/post"}],"author":[{"embeddable":true,"href":"https:\/\/alquite.com.mx\/2025\/wp-json\/wp\/v2\/users\/1"}],"replies":[{"embeddable":true,"href":"https:\/\/alquite.com.mx\/2025\/wp-json\/wp\/v2\/comments?post=3902"}],"version-history":[{"count":1,"href":"https:\/\/alquite.com.mx\/2025\/wp-json\/wp\/v2\/posts\/3902\/revisions"}],"predecessor-version":[{"id":3904,"href":"https:\/\/alquite.com.mx\/2025\/wp-json\/wp\/v2\/posts\/3902\/revisions\/3904"}],"wp:featuredmedia":[{"embeddable":true,"href":"https:\/\/alquite.com.mx\/2025\/wp-json\/wp\/v2\/media\/3903"}],"wp:attachment":[{"href":"https:\/\/alquite.com.mx\/2025\/wp-json\/wp\/v2\/media?parent=3902"}],"wp:term":[{"taxonomy":"category","embeddable":true,"href":"https:\/\/alquite.com.mx\/2025\/wp-json\/wp\/v2\/categories?post=3902"},{"taxonomy":"post_tag","embeddable":true,"href":"https:\/\/alquite.com.mx\/2025\/wp-json\/wp\/v2\/tags?post=3902"}],"curies":[{"name":"wp","href":"https:\/\/api.w.org\/{rel}","templated":true}]}}