{"id":3887,"date":"2025-06-17T23:32:34","date_gmt":"2025-06-18T05:32:34","guid":{"rendered":"https:\/\/alquite.com.mx\/2025\/?p=3887"},"modified":"2025-06-17T23:32:37","modified_gmt":"2025-06-18T05:32:37","slug":"comedores-del-dif-estatal-alimentan-a-miles-de-personas-en-todo-el-estado","status":"publish","type":"post","link":"https:\/\/alquite.com.mx\/2025\/comedores-del-dif-estatal-alimentan-a-miles-de-personas-en-todo-el-estado\/","title":{"rendered":"Comedores del DIF Estatal alimentan a miles de personas en todo el estado"},"content":{"rendered":"\n<p id=\"viewer-11ckp128\">La presidenta del Sistema DIF Estatal, Aurora Jim\u00e9nez Esquivel, asegur\u00f3 que la buena alimentaci\u00f3n es fundamental para el sano desarrollo de ni\u00f1as y ni\u00f1os de Aguascalientes.<\/p>\n\n\n\n<p id=\"viewer-qtond130\">Indic\u00f3 que brindar una alimentaci\u00f3n nutritiva y equilibrada a la poblaci\u00f3n m\u00e1s necesitada es una prioridad tanto para la gobernadora Tere Jim\u00e9nez como para ella; por eso, actualmente operan 235 comedores en todo el estado, de los cuales 166 son escolares y 69 son comunitarios, en estos se ofrecen desayunos calientes.&nbsp;<\/p>\n\n\n\n<p id=\"viewer-f8g4i132\">Estos espacios brindan atenci\u00f3n a m\u00e1s de 15 mil ni\u00f1as, ni\u00f1os, adolescentes y adultos mayores; sin embargo, esta cifra puede incrementarse, ya que el servicio de alimentaci\u00f3n est\u00e1 disponible para todas las personas que lo necesiten.<\/p>\n\n\n\n<p id=\"viewer-tsorj134\">La directora general del Sistema DIF Estatal, M\u00f3nica Becerra Moreno, reconoci\u00f3 la participaci\u00f3n de las mujeres voluntarias, ya que son parte esencial en el funcionamiento de los comedores.&nbsp;<\/p>\n\n\n\n<p id=\"viewer-etkdi136\">Inform\u00f3 que, trimestralmente, se entregan insumos alimentarios para el funcionamiento de estos espacios en coordinaci\u00f3n con la Direcci\u00f3n de Desarrollo Comunitario.&nbsp;<\/p>\n\n\n\n<p id=\"viewer-x6n1p138\">Estos insumos incluyen alimentos nutritivos y fundamentales para una dieta equilibrada y saludable, como at\u00fan, pasta integral, arroz, lentejas, frijoles, avena, cacahuates, harina de ma\u00edz, frutas y verduras congeladas, as\u00ed como leche descremada.<\/p>\n\n\n\n<p id=\"viewer-j96bn140\">Detall\u00f3 que, en Aguascalientes, se realiza el esfuerzo necesario para apoyar a quienes m\u00e1s lo necesitan.<\/p>\n","protected":false},"excerpt":{"rendered":"<p>La presidenta del Sistema DIF Estatal, Aurora Jim\u00e9nez Esquivel, asegur\u00f3 que la buena alimentaci\u00f3n es fundamental para el sano desarrollo [&hellip;]<\/p>\n","protected":false},"author":1,"featured_media":3888,"comment_status":"closed","ping_status":"open","sticky":false,"template":"","format":"standard","meta":{"_uag_custom_page_level_css":"","site-sidebar-layout":"default","site-content-layout":"","ast-site-content-layout":"","site-content-style":"default","site-sidebar-style":"default","ast-global-header-display":"","ast-banner-title-visibility":"","ast-main-header-display":"","ast-hfb-above-header-display":"","ast-hfb-below-header-display":"","ast-hfb-mobile-header-display":"","site-post-title":"","ast-breadcrumbs-content":"","ast-featured-img":"","footer-sml-layout":"","theme-transparent-header-meta":"","adv-header-id-meta":"","stick-header-meta":"","header-above-stick-meta":"","header-main-stick-meta":"","header-below-stick-meta":"","astra-migrate-meta-layouts":"default","ast-page-background-enabled":"default","ast-page-background-meta":{"desktop":{"background-color":"var(--ast-global-color-4)","background-image":"","background-repeat":"repeat","background-position":"center center","background-size":"auto","background-attachment":"scroll","background-type":"","background-media":"","overlay-type":"","overlay-color":"","overlay-opacity":"","overlay-gradient":""},"tablet":{"background-color":"","background-image":"","background-repeat":"repeat","background-position":"center center","background-size":"auto","background-attachment":"scroll","background-type":"","background-media":"","overlay-type":"","overlay-color":"","overlay-opacity":"","overlay-gradient":""},"mobile":{"background-color":"","background-image":"","background-repeat":"repeat","background-position":"center center","background-size":"auto","background-attachment":"scroll","background-type":"","background-media":"","overlay-type":"","overlay-color":"","overlay-opacity":"","overlay-gradient":""}},"ast-content-background-meta":{"desktop":{"background-color":"var(--ast-global-color-5)","background-image":"","background-repeat":"repeat","background-position":"center center","background-size":"auto","background-attachment":"scroll","background-type":"","background-media":"","overlay-type":"","overlay-color":"","overlay-opacity":"","overlay-gradient":""},"tablet":{"background-color":"var(--ast-global-color-5)","background-image":"","background-repeat":"repeat","background-position":"center center","background-size":"auto","background-attachment":"scroll","background-type":"","background-media":"","overlay-type":"","overlay-color":"","overlay-opacity":"","overlay-gradient":""},"mobile":{"background-color":"var(--ast-global-color-5)","background-image":"","background-repeat":"repeat","background-position":"center center","background-size":"auto","background-attachment":"scroll","background-type":"","background-media":"","overlay-type":"","overlay-color":"","overlay-opacity":"","overlay-gradient":""}},"footnotes":""},"categories":[6,12,11],"tags":[],"class_list":["post-3887","post","type-post","status-publish","format-standard","has-post-thumbnail","hentry","category-nacionales","category-noticia-destacada","category-noticias"],"uagb_featured_image_src":{"full":["https:\/\/alquite.com.mx\/2025\/wp-content\/uploads\/2025\/06\/Al-Quite-TAM-PORT-2.jpg",1024,683,false],"thumbnail":["https:\/\/alquite.com.mx\/2025\/wp-content\/uploads\/2025\/06\/Al-Quite-TAM-PORT-2-150x150.jpg",150,150,true],"medium":["https:\/\/alquite.com.mx\/2025\/wp-content\/uploads\/2025\/06\/Al-Quite-TAM-PORT-2-300x200.jpg",300,200,true],"medium_large":["https:\/\/alquite.com.mx\/2025\/wp-content\/uploads\/2025\/06\/Al-Quite-TAM-PORT-2-768x512.jpg",768,512,true],"large":["https:\/\/alquite.com.mx\/2025\/wp-content\/uploads\/2025\/06\/Al-Quite-TAM-PORT-2.jpg",1024,683,false],"1536x1536":["https:\/\/alquite.com.mx\/2025\/wp-content\/uploads\/2025\/06\/Al-Quite-TAM-PORT-2.jpg",1024,683,false],"2048x2048":["https:\/\/alquite.com.mx\/2025\/wp-content\/uploads\/2025\/06\/Al-Quite-TAM-PORT-2.jpg",1024,683,false]},"uagb_author_info":{"display_name":"admin","author_link":"https:\/\/alquite.com.mx\/2025\/author\/admin\/"},"uagb_comment_info":0,"uagb_excerpt":"La presidenta del Sistema DIF Estatal, Aurora Jim\u00e9nez Esquivel, asegur\u00f3 que la buena alimentaci\u00f3n es fundamental para el sano desarrollo [&hellip;]","_links":{"self":[{"href":"https:\/\/alquite.com.mx\/2025\/wp-json\/wp\/v2\/posts\/3887","targetHints":{"allow":["GET"]}}],"collection":[{"href":"https:\/\/alquite.com.mx\/2025\/wp-json\/wp\/v2\/posts"}],"about":[{"href":"https:\/\/alquite.com.mx\/2025\/wp-json\/wp\/v2\/types\/post"}],"author":[{"embeddable":true,"href":"https:\/\/alquite.com.mx\/2025\/wp-json\/wp\/v2\/users\/1"}],"replies":[{"embeddable":true,"href":"https:\/\/alquite.com.mx\/2025\/wp-json\/wp\/v2\/comments?post=3887"}],"version-history":[{"count":1,"href":"https:\/\/alquite.com.mx\/2025\/wp-json\/wp\/v2\/posts\/3887\/revisions"}],"predecessor-version":[{"id":3889,"href":"https:\/\/alquite.com.mx\/2025\/wp-json\/wp\/v2\/posts\/3887\/revisions\/3889"}],"wp:featuredmedia":[{"embeddable":true,"href":"https:\/\/alquite.com.mx\/2025\/wp-json\/wp\/v2\/media\/3888"}],"wp:attachment":[{"href":"https:\/\/alquite.com.mx\/2025\/wp-json\/wp\/v2\/media?parent=3887"}],"wp:term":[{"taxonomy":"category","embeddable":true,"href":"https:\/\/alquite.com.mx\/2025\/wp-json\/wp\/v2\/categories?post=3887"},{"taxonomy":"post_tag","embeddable":true,"href":"https:\/\/alquite.com.mx\/2025\/wp-json\/wp\/v2\/tags?post=3887"}],"curies":[{"name":"wp","href":"https:\/\/api.w.org\/{rel}","templated":true}]}}