{"id":3884,"date":"2025-06-17T23:30:08","date_gmt":"2025-06-18T05:30:08","guid":{"rendered":"https:\/\/alquite.com.mx\/2025\/?p=3884"},"modified":"2025-06-17T23:30:11","modified_gmt":"2025-06-18T05:30:11","slug":"aguascalientes-presente-en-una-de-las-ferias-internacionales-mas-importantes-de-la-industria-aeroespacial-en-paris-francia","status":"publish","type":"post","link":"https:\/\/alquite.com.mx\/2025\/aguascalientes-presente-en-una-de-las-ferias-internacionales-mas-importantes-de-la-industria-aeroespacial-en-paris-francia\/","title":{"rendered":"Aguascalientes presente en una de las ferias internacionales m\u00e1s importantes de la industria aeroespacial, en Par\u00eds, Francia"},"content":{"rendered":"\n<p id=\"viewer-d6vla126\">Aguascalientes participa en el International Paris Air Show 2025, una de las ferias de la industria aeroespacial con mayor relevancia a nivel mundial y que reunir\u00e1 en esta edici\u00f3n a m\u00e1s de 2 mil 500 expositores provenientes de 48 pa\u00edses, con un estimado de 300 mil visitantes.<\/p>\n\n\n\n<p id=\"viewer-5uerz129\">Esa\u00fa Garza de Vega, secretario de Desarrollo Econ\u00f3mico, Ciencia y Tecnolog\u00eda del estado (Sedecyt), dio a conocer que esta participaci\u00f3n representa una oportunidad estrat\u00e9gica para atraer inversiones, generar empleos y posicionar a Aguascalientes como un destino clave para el desarrollo de nuevos proyectos en dicha industria.<\/p>\n\n\n\n<p id=\"viewer-73lrn132\">\u201cMostraremos las capacidades productivas del estado en sectores como la manufactura avanzada, el dise\u00f1o y la producci\u00f3n de componentes aeroespaciales, as\u00ed como el fortalecimiento a la infraestructura educativa y talento especializado que ha impulsado la gobernadora Tere Jim\u00e9nez\u201d, coment\u00f3 el funcionario.<\/p>\n\n\n\n<p id=\"viewer-jq4sc135\">Garza de Vega agreg\u00f3 que Aguascalientes busca diversificar sus industrias de alto valor agregado, destacando que el estado cuenta con un ecosistema industrial s\u00f3lido y una fuerza laboral altamente capacitada alineada en sectores como la manufactura avanzada, la movilidad inteligente y la innovaci\u00f3n tecnol\u00f3gica.<\/p>\n\n\n\n<p id=\"viewer-a65gt138\">Este evento internacional de aviaci\u00f3n y aeron\u00e1utica se desarrolla en la ciudad de Par\u00eds, Francia, del 16 al 22 de junio en el aeropuerto de&nbsp;<a target=\"_blank\" href=\"https:\/\/es.wikipedia.org\/wiki\/Aeropuerto_de_Par%C3%ADs-Le_Bourget\" rel=\"noreferrer noopener\"><u>Le Bourget<\/u><\/a>.<\/p>\n","protected":false},"excerpt":{"rendered":"<p>Aguascalientes participa en el International Paris Air Show 2025, una de las ferias de la industria aeroespacial con mayor relevancia [&hellip;]<\/p>\n","protected":false},"author":1,"featured_media":3885,"comment_status":"closed","ping_status":"open","sticky":false,"template":"","format":"standard","meta":{"_uag_custom_page_level_css":"","site-sidebar-layout":"default","site-content-layout":"","ast-site-content-layout":"","site-content-style":"default","site-sidebar-style":"default","ast-global-header-display":"","ast-banner-title-visibility":"","ast-main-header-display":"","ast-hfb-above-header-display":"","ast-hfb-below-header-display":"","ast-hfb-mobile-header-display":"","site-post-title":"","ast-breadcrumbs-content":"","ast-featured-img":"","footer-sml-layout":"","theme-transparent-header-meta":"","adv-header-id-meta":"","stick-header-meta":"","header-above-stick-meta":"","header-main-stick-meta":"","header-below-stick-meta":"","astra-migrate-meta-layouts":"default","ast-page-background-enabled":"default","ast-page-background-meta":{"desktop":{"background-color":"var(--ast-global-color-4)","background-image":"","background-repeat":"repeat","background-position":"center center","background-size":"auto","background-attachment":"scroll","background-type":"","background-media":"","overlay-type":"","overlay-color":"","overlay-opacity":"","overlay-gradient":""},"tablet":{"background-color":"","background-image":"","background-repeat":"repeat","background-position":"center center","background-size":"auto","background-attachment":"scroll","background-type":"","background-media":"","overlay-type":"","overlay-color":"","overlay-opacity":"","overlay-gradient":""},"mobile":{"background-color":"","background-image":"","background-repeat":"repeat","background-position":"center center","background-size":"auto","background-attachment":"scroll","background-type":"","background-media":"","overlay-type":"","overlay-color":"","overlay-opacity":"","overlay-gradient":""}},"ast-content-background-meta":{"desktop":{"background-color":"var(--ast-global-color-5)","background-image":"","background-repeat":"repeat","background-position":"center center","background-size":"auto","background-attachment":"scroll","background-type":"","background-media":"","overlay-type":"","overlay-color":"","overlay-opacity":"","overlay-gradient":""},"tablet":{"background-color":"var(--ast-global-color-5)","background-image":"","background-repeat":"repeat","background-position":"center center","background-size":"auto","background-attachment":"scroll","background-type":"","background-media":"","overlay-type":"","overlay-color":"","overlay-opacity":"","overlay-gradient":""},"mobile":{"background-color":"var(--ast-global-color-5)","background-image":"","background-repeat":"repeat","background-position":"center center","background-size":"auto","background-attachment":"scroll","background-type":"","background-media":"","overlay-type":"","overlay-color":"","overlay-opacity":"","overlay-gradient":""}},"footnotes":""},"categories":[6,12,11],"tags":[],"class_list":["post-3884","post","type-post","status-publish","format-standard","has-post-thumbnail","hentry","category-nacionales","category-noticia-destacada","category-noticias"],"uagb_featured_image_src":{"full":["https:\/\/alquite.com.mx\/2025\/wp-content\/uploads\/2025\/06\/Al-Quite-TAM-PORT-1.jpg",1024,683,false],"thumbnail":["https:\/\/alquite.com.mx\/2025\/wp-content\/uploads\/2025\/06\/Al-Quite-TAM-PORT-1-150x150.jpg",150,150,true],"medium":["https:\/\/alquite.com.mx\/2025\/wp-content\/uploads\/2025\/06\/Al-Quite-TAM-PORT-1-300x200.jpg",300,200,true],"medium_large":["https:\/\/alquite.com.mx\/2025\/wp-content\/uploads\/2025\/06\/Al-Quite-TAM-PORT-1-768x512.jpg",768,512,true],"large":["https:\/\/alquite.com.mx\/2025\/wp-content\/uploads\/2025\/06\/Al-Quite-TAM-PORT-1.jpg",1024,683,false],"1536x1536":["https:\/\/alquite.com.mx\/2025\/wp-content\/uploads\/2025\/06\/Al-Quite-TAM-PORT-1.jpg",1024,683,false],"2048x2048":["https:\/\/alquite.com.mx\/2025\/wp-content\/uploads\/2025\/06\/Al-Quite-TAM-PORT-1.jpg",1024,683,false]},"uagb_author_info":{"display_name":"admin","author_link":"https:\/\/alquite.com.mx\/2025\/author\/admin\/"},"uagb_comment_info":0,"uagb_excerpt":"Aguascalientes participa en el International Paris Air Show 2025, una de las ferias de la industria aeroespacial con mayor relevancia [&hellip;]","_links":{"self":[{"href":"https:\/\/alquite.com.mx\/2025\/wp-json\/wp\/v2\/posts\/3884","targetHints":{"allow":["GET"]}}],"collection":[{"href":"https:\/\/alquite.com.mx\/2025\/wp-json\/wp\/v2\/posts"}],"about":[{"href":"https:\/\/alquite.com.mx\/2025\/wp-json\/wp\/v2\/types\/post"}],"author":[{"embeddable":true,"href":"https:\/\/alquite.com.mx\/2025\/wp-json\/wp\/v2\/users\/1"}],"replies":[{"embeddable":true,"href":"https:\/\/alquite.com.mx\/2025\/wp-json\/wp\/v2\/comments?post=3884"}],"version-history":[{"count":1,"href":"https:\/\/alquite.com.mx\/2025\/wp-json\/wp\/v2\/posts\/3884\/revisions"}],"predecessor-version":[{"id":3886,"href":"https:\/\/alquite.com.mx\/2025\/wp-json\/wp\/v2\/posts\/3884\/revisions\/3886"}],"wp:featuredmedia":[{"embeddable":true,"href":"https:\/\/alquite.com.mx\/2025\/wp-json\/wp\/v2\/media\/3885"}],"wp:attachment":[{"href":"https:\/\/alquite.com.mx\/2025\/wp-json\/wp\/v2\/media?parent=3884"}],"wp:term":[{"taxonomy":"category","embeddable":true,"href":"https:\/\/alquite.com.mx\/2025\/wp-json\/wp\/v2\/categories?post=3884"},{"taxonomy":"post_tag","embeddable":true,"href":"https:\/\/alquite.com.mx\/2025\/wp-json\/wp\/v2\/tags?post=3884"}],"curies":[{"name":"wp","href":"https:\/\/api.w.org\/{rel}","templated":true}]}}