{"id":3866,"date":"2025-06-16T21:32:06","date_gmt":"2025-06-17T03:32:06","guid":{"rendered":"https:\/\/alquite.com.mx\/2025\/?p=3866"},"modified":"2025-06-16T21:32:11","modified_gmt":"2025-06-17T03:32:11","slug":"aguascalientes-obtiene-7-medallas-en-el-quinto-campeonato-nacional-de-wushu-2025","status":"publish","type":"post","link":"https:\/\/alquite.com.mx\/2025\/aguascalientes-obtiene-7-medallas-en-el-quinto-campeonato-nacional-de-wushu-2025\/","title":{"rendered":"Aguascalientes obtiene 7 medallas en el quinto Campeonato Nacional de Wushu 2025"},"content":{"rendered":"\n<p id=\"viewer-00stn458\">La selecci\u00f3n estatal de wushu de Aguascalientes tuvo una sobresaliente participaci\u00f3n en el 5.\u00ba Campeonato Nacional de Wushu, organizado por la Federaci\u00f3n Mexicana de Wushu Kung Fu (FMWKF).<\/p>\n\n\n\n<p id=\"viewer-gf9uc496\">Este evento reuni\u00f3 a m\u00e1s de mil atletas de todo el pa\u00eds y se consolida como uno de los torneos m\u00e1s importantes a nivel nacional en esta disciplina.<\/p>\n\n\n\n<p id=\"viewer-lhklq460\">Las y los atletas de Aguascalientes demostraron su gran nivel competitivo al obtener excelentes resultados en distintas categor\u00edas:<\/p>\n\n\n\n<p id=\"viewer-ensqd462\">Alonso Pimentel Langle se hizo acreedor al <a target=\"_blank\" href=\"http:\/\/1.er\/\" rel=\"noreferrer noopener\">1.er<\/a>&nbsp;lugar en manos libres, en la categor\u00eda Juvenil; Jos\u00e9 Dami\u00e1n Rodr\u00edguez Romo conquist\u00f3 el <a target=\"_blank\" href=\"http:\/\/1.er\/\" rel=\"noreferrer noopener\">1.er<\/a>&nbsp;lugar en manos libres, 2.\u00b0 lugar en gunshu y <a target=\"_blank\" href=\"http:\/\/3.er\/\" rel=\"noreferrer noopener\">3.er<\/a>&nbsp;lugar en pelea, categor\u00eda Infantil 11 a\u00f1os principiantes; Santiago Trinidad D\u00edaz obtuvo el <a target=\"_blank\" href=\"http:\/\/3.er\/\" rel=\"noreferrer noopener\">3.er<\/a>&nbsp;lugar en gunshu Junior A; mientras que Azul Julieth Flores gan\u00f3 el <a target=\"_blank\" href=\"http:\/\/3.er\/\" rel=\"noreferrer noopener\">3.er<\/a>&nbsp;lugar en manos libres y 2.\u00b0 lugar en pelea, categor\u00eda Juvenil Avanzados.<\/p>\n\n\n\n<p id=\"viewer-hhvgd474\">Gracias a estos logros, Aguascalientes se posiciona como un referente nacional en el wushu. Adem\u00e1s, sus atletas ahora tienen la posibilidad de ser considerados para representar a M\u00e9xico en competencias internacionales oficiales avaladas por la FMWKF.<\/p>\n\n\n\n<p id=\"viewer-51ji4476\">Felicidades a todas y todos los atletas por su esfuerzo, dedicaci\u00f3n y por seguir poniendo en alto el nombre de Aguascalientes.<\/p>\n","protected":false},"excerpt":{"rendered":"<p>La selecci\u00f3n estatal de wushu de Aguascalientes tuvo una sobresaliente participaci\u00f3n en el 5.\u00ba Campeonato Nacional de Wushu, organizado por [&hellip;]<\/p>\n","protected":false},"author":1,"featured_media":3867,"comment_status":"closed","ping_status":"open","sticky":false,"template":"","format":"standard","meta":{"_uag_custom_page_level_css":"","site-sidebar-layout":"default","site-content-layout":"","ast-site-content-layout":"","site-content-style":"default","site-sidebar-style":"default","ast-global-header-display":"","ast-banner-title-visibility":"","ast-main-header-display":"","ast-hfb-above-header-display":"","ast-hfb-below-header-display":"","ast-hfb-mobile-header-display":"","site-post-title":"","ast-breadcrumbs-content":"","ast-featured-img":"","footer-sml-layout":"","theme-transparent-header-meta":"","adv-header-id-meta":"","stick-header-meta":"","header-above-stick-meta":"","header-main-stick-meta":"","header-below-stick-meta":"","astra-migrate-meta-layouts":"default","ast-page-background-enabled":"default","ast-page-background-meta":{"desktop":{"background-color":"var(--ast-global-color-4)","background-image":"","background-repeat":"repeat","background-position":"center center","background-size":"auto","background-attachment":"scroll","background-type":"","background-media":"","overlay-type":"","overlay-color":"","overlay-opacity":"","overlay-gradient":""},"tablet":{"background-color":"","background-image":"","background-repeat":"repeat","background-position":"center center","background-size":"auto","background-attachment":"scroll","background-type":"","background-media":"","overlay-type":"","overlay-color":"","overlay-opacity":"","overlay-gradient":""},"mobile":{"background-color":"","background-image":"","background-repeat":"repeat","background-position":"center center","background-size":"auto","background-attachment":"scroll","background-type":"","background-media":"","overlay-type":"","overlay-color":"","overlay-opacity":"","overlay-gradient":""}},"ast-content-background-meta":{"desktop":{"background-color":"var(--ast-global-color-5)","background-image":"","background-repeat":"repeat","background-position":"center center","background-size":"auto","background-attachment":"scroll","background-type":"","background-media":"","overlay-type":"","overlay-color":"","overlay-opacity":"","overlay-gradient":""},"tablet":{"background-color":"var(--ast-global-color-5)","background-image":"","background-repeat":"repeat","background-position":"center center","background-size":"auto","background-attachment":"scroll","background-type":"","background-media":"","overlay-type":"","overlay-color":"","overlay-opacity":"","overlay-gradient":""},"mobile":{"background-color":"var(--ast-global-color-5)","background-image":"","background-repeat":"repeat","background-position":"center center","background-size":"auto","background-attachment":"scroll","background-type":"","background-media":"","overlay-type":"","overlay-color":"","overlay-opacity":"","overlay-gradient":""}},"footnotes":""},"categories":[6,12,11],"tags":[],"class_list":["post-3866","post","type-post","status-publish","format-standard","has-post-thumbnail","hentry","category-nacionales","category-noticia-destacada","category-noticias"],"uagb_featured_image_src":{"full":["https:\/\/alquite.com.mx\/2025\/wp-content\/uploads\/2025\/06\/WhatsApp-Image-2025-06-16-at-9.54.53-AM-1.jpeg",1024,768,false],"thumbnail":["https:\/\/alquite.com.mx\/2025\/wp-content\/uploads\/2025\/06\/WhatsApp-Image-2025-06-16-at-9.54.53-AM-1-150x150.jpeg",150,150,true],"medium":["https:\/\/alquite.com.mx\/2025\/wp-content\/uploads\/2025\/06\/WhatsApp-Image-2025-06-16-at-9.54.53-AM-1-300x225.jpeg",300,225,true],"medium_large":["https:\/\/alquite.com.mx\/2025\/wp-content\/uploads\/2025\/06\/WhatsApp-Image-2025-06-16-at-9.54.53-AM-1-768x576.jpeg",768,576,true],"large":["https:\/\/alquite.com.mx\/2025\/wp-content\/uploads\/2025\/06\/WhatsApp-Image-2025-06-16-at-9.54.53-AM-1.jpeg",1024,768,false],"1536x1536":["https:\/\/alquite.com.mx\/2025\/wp-content\/uploads\/2025\/06\/WhatsApp-Image-2025-06-16-at-9.54.53-AM-1.jpeg",1024,768,false],"2048x2048":["https:\/\/alquite.com.mx\/2025\/wp-content\/uploads\/2025\/06\/WhatsApp-Image-2025-06-16-at-9.54.53-AM-1.jpeg",1024,768,false]},"uagb_author_info":{"display_name":"admin","author_link":"https:\/\/alquite.com.mx\/2025\/author\/admin\/"},"uagb_comment_info":0,"uagb_excerpt":"La selecci\u00f3n estatal de wushu de Aguascalientes tuvo una sobresaliente participaci\u00f3n en el 5.\u00ba Campeonato Nacional de Wushu, organizado por [&hellip;]","_links":{"self":[{"href":"https:\/\/alquite.com.mx\/2025\/wp-json\/wp\/v2\/posts\/3866","targetHints":{"allow":["GET"]}}],"collection":[{"href":"https:\/\/alquite.com.mx\/2025\/wp-json\/wp\/v2\/posts"}],"about":[{"href":"https:\/\/alquite.com.mx\/2025\/wp-json\/wp\/v2\/types\/post"}],"author":[{"embeddable":true,"href":"https:\/\/alquite.com.mx\/2025\/wp-json\/wp\/v2\/users\/1"}],"replies":[{"embeddable":true,"href":"https:\/\/alquite.com.mx\/2025\/wp-json\/wp\/v2\/comments?post=3866"}],"version-history":[{"count":1,"href":"https:\/\/alquite.com.mx\/2025\/wp-json\/wp\/v2\/posts\/3866\/revisions"}],"predecessor-version":[{"id":3868,"href":"https:\/\/alquite.com.mx\/2025\/wp-json\/wp\/v2\/posts\/3866\/revisions\/3868"}],"wp:featuredmedia":[{"embeddable":true,"href":"https:\/\/alquite.com.mx\/2025\/wp-json\/wp\/v2\/media\/3867"}],"wp:attachment":[{"href":"https:\/\/alquite.com.mx\/2025\/wp-json\/wp\/v2\/media?parent=3866"}],"wp:term":[{"taxonomy":"category","embeddable":true,"href":"https:\/\/alquite.com.mx\/2025\/wp-json\/wp\/v2\/categories?post=3866"},{"taxonomy":"post_tag","embeddable":true,"href":"https:\/\/alquite.com.mx\/2025\/wp-json\/wp\/v2\/tags?post=3866"}],"curies":[{"name":"wp","href":"https:\/\/api.w.org\/{rel}","templated":true}]}}