{"id":3851,"date":"2025-06-16T03:46:55","date_gmt":"2025-06-16T09:46:55","guid":{"rendered":"https:\/\/alquite.com.mx\/2025\/?p=3851"},"modified":"2025-06-16T03:46:59","modified_gmt":"2025-06-16T09:46:59","slug":"tere-jimenez-pone-en-marcha-el-programa-de-empleo-temporal-y-entrega-apoyo-a-productores-en-el-llano-y-san-francisco-de-los-romo","status":"publish","type":"post","link":"https:\/\/alquite.com.mx\/2025\/tere-jimenez-pone-en-marcha-el-programa-de-empleo-temporal-y-entrega-apoyo-a-productores-en-el-llano-y-san-francisco-de-los-romo\/","title":{"rendered":"Tere Jim\u00e9nez pone en marcha el programa de empleo temporal y entrega apoyo a productores en El Llano y San Francisco de los Romo"},"content":{"rendered":"\n<p id=\"viewer-cqllp210\">La gobernadora de Aguascalientes, Tere Jim\u00e9nez, entreg\u00f3 apoyos de cuatro programas clave para el fortalecimiento del campo en los municipios de El Llano y San Francisco de los Romo y que benefician directamente a las familias que se desempe\u00f1an en el campo, reafirmando as\u00ed su compromiso con este sector.<\/p>\n\n\n\n<p id=\"viewer-h4qws183\">Los apoyos entregados corresponden a los programas de Semilla Mejorada de Ma\u00edz y Frijol de Temporal; Apoyo de Composta; Empleo Temporal,&nbsp; y Apoyo a la Palabra.<\/p>\n\n\n\n<p id=\"viewer-n4kt3185\">\u201cEstoy muy contenta de estar este d\u00eda aqu\u00ed con gente trabajadora. Ustedes son quienes se esfuerzan, luchan y hacen grande al campo. No est\u00e1n solos: el Gobierno del Estado los respalda\u201d, expres\u00f3 Tere Jim\u00e9nez durante su visita, frente a los productores que se dieron cita para recibir los apoyos.<\/p>\n\n\n\n<p id=\"viewer-ylyoq187\">La gobernadora tambi\u00e9n destac\u00f3 la importancia del empleo temporal como una herramienta que une a la comunidad y apoya a quienes necesitan un ingreso extra.<\/p>\n\n\n\n<p id=\"viewer-sbd5h189\">\u201cCon el empleo temporal se ayudan ustedes y ayudan a su comunidad. Con estos programas, ganamos todos. Son un reflejo de nuestro compromiso real con la gente del campo\u201d, afirm\u00f3.<\/p>\n\n\n\n<p id=\"viewer-t3jvc191\">Isidoro Armend\u00e1riz Garc\u00eda, titular de la Secretar\u00eda de Desarrollo Rural y Agroempresarial del Estado (Sedrae), explic\u00f3 que los productores recibieron semilla mejorada, composta, y se dio el banderazo oficial al Programa de Empleo Temporal, enfocado a apoyar a amas de casa y personas que m\u00e1s lo necesitan.<\/p>\n\n\n\n<p id=\"viewer-ekfma193\">El presidente municipal de El Llano, Jorge Delgado Ibarra, reconoci\u00f3 la cercan\u00eda y sensibilidad de la gobernadora: \u201cLa gobernadora es una mujer humilde y trabajadora, que hoy demuestra su amor al campo con hechos, no con palabras\u201d.<\/p>\n\n\n\n<p id=\"viewer-12zei195\">A nombre de las y los beneficiarios, Carolina de Lira Moreno agradeci\u00f3 el respaldo recibido: \u201cLa mayor\u00eda de nosotros somos agricultores, y este apoyo de semilla de temporal es fundamental para nuestras cosechas. Gracias, gobernadora, por pensar en nosotros\u201d.<\/p>\n\n\n\n<p id=\"viewer-b9jwx197\">En San Francisco de los Romo, la presidenta municipal, Margarita Gallegos Soto, reconoci\u00f3 el liderazgo de Tere Jim\u00e9nez y el apoyo que ha brindado al campo durante su administraci\u00f3n.<\/p>\n\n\n\n<p id=\"viewer-o19zi199\">\u201cGracias por invertir en el campo, gobernadora. Sus acciones generan prosperidad en todo el estado. Es un orgullo caminar a su lado, sin dejar a nadie atr\u00e1s\u201d.<\/p>\n\n\n\n<p id=\"viewer-ptz5v201\">Mar\u00eda de Lourdes Mart\u00ednez Rosales, beneficiaria del Programa de Empleo Temporal, se\u00f1al\u00f3 que con este programa las familias de las comunidades se ven beneficiadas con el ingreso que reciben: \u201cEstos apoyos nos permiten solventar gastos b\u00e1sicos en casa y aportar a nuestras comunidades. Gracias por tomarnos en cuenta\u201d.<\/p>\n\n\n\n<p id=\"viewer-59qm7203\">En esta gira de trabajo, acompa\u00f1aron a la gobernadora los presidentes municipales Jos\u00e9 Manuel Gonz\u00e1lez Mota (Asientos), Laura Araceli Gonz\u00e1lez Reyes (San Jos\u00e9 de Gracia), Lucero Espinoza (Pabell\u00f3n de Arteaga), C\u00e9sar Medina (Jes\u00fas Mar\u00eda); el diputado federal Humberto Ambriz Delgadillo, as\u00ed como los diputados locales Bety Montoya, Ad\u00e1n Valdivia, Lupita Mendoza y Heriberto Gallegos Serna, y los beneficiarios Ma. de la Luz Esparza Ponce, Benjam\u00edn Lara Barr\u00f3n y Ver\u00f3nica Verd\u00edn V\u00edveros.<\/p>\n","protected":false},"excerpt":{"rendered":"<p>La gobernadora de Aguascalientes, Tere Jim\u00e9nez, entreg\u00f3 apoyos de cuatro programas clave para el fortalecimiento del campo en los municipios [&hellip;]<\/p>\n","protected":false},"author":1,"featured_media":3852,"comment_status":"closed","ping_status":"open","sticky":false,"template":"","format":"standard","meta":{"_uag_custom_page_level_css":"","site-sidebar-layout":"default","site-content-layout":"","ast-site-content-layout":"","site-content-style":"default","site-sidebar-style":"default","ast-global-header-display":"","ast-banner-title-visibility":"","ast-main-header-display":"","ast-hfb-above-header-display":"","ast-hfb-below-header-display":"","ast-hfb-mobile-header-display":"","site-post-title":"","ast-breadcrumbs-content":"","ast-featured-img":"","footer-sml-layout":"","theme-transparent-header-meta":"","adv-header-id-meta":"","stick-header-meta":"","header-above-stick-meta":"","header-main-stick-meta":"","header-below-stick-meta":"","astra-migrate-meta-layouts":"default","ast-page-background-enabled":"default","ast-page-background-meta":{"desktop":{"background-color":"var(--ast-global-color-4)","background-image":"","background-repeat":"repeat","background-position":"center center","background-size":"auto","background-attachment":"scroll","background-type":"","background-media":"","overlay-type":"","overlay-color":"","overlay-opacity":"","overlay-gradient":""},"tablet":{"background-color":"","background-image":"","background-repeat":"repeat","background-position":"center center","background-size":"auto","background-attachment":"scroll","background-type":"","background-media":"","overlay-type":"","overlay-color":"","overlay-opacity":"","overlay-gradient":""},"mobile":{"background-color":"","background-image":"","background-repeat":"repeat","background-position":"center center","background-size":"auto","background-attachment":"scroll","background-type":"","background-media":"","overlay-type":"","overlay-color":"","overlay-opacity":"","overlay-gradient":""}},"ast-content-background-meta":{"desktop":{"background-color":"var(--ast-global-color-5)","background-image":"","background-repeat":"repeat","background-position":"center center","background-size":"auto","background-attachment":"scroll","background-type":"","background-media":"","overlay-type":"","overlay-color":"","overlay-opacity":"","overlay-gradient":""},"tablet":{"background-color":"var(--ast-global-color-5)","background-image":"","background-repeat":"repeat","background-position":"center center","background-size":"auto","background-attachment":"scroll","background-type":"","background-media":"","overlay-type":"","overlay-color":"","overlay-opacity":"","overlay-gradient":""},"mobile":{"background-color":"var(--ast-global-color-5)","background-image":"","background-repeat":"repeat","background-position":"center center","background-size":"auto","background-attachment":"scroll","background-type":"","background-media":"","overlay-type":"","overlay-color":"","overlay-opacity":"","overlay-gradient":""}},"footnotes":""},"categories":[6,12,11],"tags":[],"class_list":["post-3851","post","type-post","status-publish","format-standard","has-post-thumbnail","hentry","category-nacionales","category-noticia-destacada","category-noticias"],"uagb_featured_image_src":{"full":["https:\/\/alquite.com.mx\/2025\/wp-content\/uploads\/2025\/06\/WhatsApp-Image-2025-06-14-at-14.03.42.jpeg",1024,683,false],"thumbnail":["https:\/\/alquite.com.mx\/2025\/wp-content\/uploads\/2025\/06\/WhatsApp-Image-2025-06-14-at-14.03.42-150x150.jpeg",150,150,true],"medium":["https:\/\/alquite.com.mx\/2025\/wp-content\/uploads\/2025\/06\/WhatsApp-Image-2025-06-14-at-14.03.42-300x200.jpeg",300,200,true],"medium_large":["https:\/\/alquite.com.mx\/2025\/wp-content\/uploads\/2025\/06\/WhatsApp-Image-2025-06-14-at-14.03.42-768x512.jpeg",768,512,true],"large":["https:\/\/alquite.com.mx\/2025\/wp-content\/uploads\/2025\/06\/WhatsApp-Image-2025-06-14-at-14.03.42.jpeg",1024,683,false],"1536x1536":["https:\/\/alquite.com.mx\/2025\/wp-content\/uploads\/2025\/06\/WhatsApp-Image-2025-06-14-at-14.03.42.jpeg",1024,683,false],"2048x2048":["https:\/\/alquite.com.mx\/2025\/wp-content\/uploads\/2025\/06\/WhatsApp-Image-2025-06-14-at-14.03.42.jpeg",1024,683,false]},"uagb_author_info":{"display_name":"admin","author_link":"https:\/\/alquite.com.mx\/2025\/author\/admin\/"},"uagb_comment_info":0,"uagb_excerpt":"La gobernadora de Aguascalientes, Tere Jim\u00e9nez, entreg\u00f3 apoyos de cuatro programas clave para el fortalecimiento del campo en los municipios [&hellip;]","_links":{"self":[{"href":"https:\/\/alquite.com.mx\/2025\/wp-json\/wp\/v2\/posts\/3851","targetHints":{"allow":["GET"]}}],"collection":[{"href":"https:\/\/alquite.com.mx\/2025\/wp-json\/wp\/v2\/posts"}],"about":[{"href":"https:\/\/alquite.com.mx\/2025\/wp-json\/wp\/v2\/types\/post"}],"author":[{"embeddable":true,"href":"https:\/\/alquite.com.mx\/2025\/wp-json\/wp\/v2\/users\/1"}],"replies":[{"embeddable":true,"href":"https:\/\/alquite.com.mx\/2025\/wp-json\/wp\/v2\/comments?post=3851"}],"version-history":[{"count":1,"href":"https:\/\/alquite.com.mx\/2025\/wp-json\/wp\/v2\/posts\/3851\/revisions"}],"predecessor-version":[{"id":3853,"href":"https:\/\/alquite.com.mx\/2025\/wp-json\/wp\/v2\/posts\/3851\/revisions\/3853"}],"wp:featuredmedia":[{"embeddable":true,"href":"https:\/\/alquite.com.mx\/2025\/wp-json\/wp\/v2\/media\/3852"}],"wp:attachment":[{"href":"https:\/\/alquite.com.mx\/2025\/wp-json\/wp\/v2\/media?parent=3851"}],"wp:term":[{"taxonomy":"category","embeddable":true,"href":"https:\/\/alquite.com.mx\/2025\/wp-json\/wp\/v2\/categories?post=3851"},{"taxonomy":"post_tag","embeddable":true,"href":"https:\/\/alquite.com.mx\/2025\/wp-json\/wp\/v2\/tags?post=3851"}],"curies":[{"name":"wp","href":"https:\/\/api.w.org\/{rel}","templated":true}]}}