{"id":3845,"date":"2025-06-16T03:44:25","date_gmt":"2025-06-16T09:44:25","guid":{"rendered":"https:\/\/alquite.com.mx\/2025\/?p=3845"},"modified":"2025-06-16T03:44:28","modified_gmt":"2025-06-16T09:44:28","slug":"soria-inicia-la-venta-de-entradas-sueltas","status":"publish","type":"post","link":"https:\/\/alquite.com.mx\/2025\/soria-inicia-la-venta-de-entradas-sueltas\/","title":{"rendered":"Soria inicia la venta de entradas sueltas"},"content":{"rendered":"\n<p>A estas horas Soria disfruta de La Compra, la \u00faltima fiesta previa a las fiestas de San Juan en el monte Valonsadero. Finalizado el d\u00eda, los sorianos empiezan a concienciarse de que la semana grande de la ciudad est\u00e1 al caer y con ella su feria taurina. Una feria cargada de figuras: Morante, Marco P\u00e9rez, Emilio de Justo, Guillermo Hermoso de Mendoza\u2026 Grandes alicientes reforzados por los triunfos de Morante y Marco P\u00e9rez ayer en Salamanca que aumentan el inter\u00e9s de la afici\u00f3n por la feria. En este sentido, ma\u00f1ana se abre el plazo para la venta de entradas sueltas para todos los festejos. El horario de taquilla ser\u00e1 de 11 a 14 horas y de 17:30 a 20:30 horas de lunes a viernes. Tambi\u00e9n se podr\u00e1n adquirir entradas online a cualquier hora y d\u00eda de la semana en&nbsp;<a href=\"https:\/\/newsletter.torogestion.com\/c\/mr2d\/j-nhq1uc\/ev09cbhzw_m\" target=\"_blank\" rel=\"noreferrer noopener\">www.tauroemocion.es<\/a><\/p>\n\n\n\n<p>Iniciada la venta de entradas sueltas, Tauroemoci\u00f3n sigue con la campa\u00f1a de abonos, por lo que pone a disposici\u00f3n del aficionado descuentos para j\u00f3venes, jubilados, desempleados, pe\u00f1as taurinas o la novedosa promoci\u00f3n de ni\u00f1os a 1\u20ac el s\u00e1bado 28 de junio para la corr\u00eda de Los Ma\u00f1os.<\/p>\n\n\n\n<p>Los carteles de la feria de San Juan 2025 son los siguientes:<\/p>\n\n\n\n<p>Mi\u00e9rcoles 25 de junio, toros de El Canario para: Leonardo, Guillermo Hermoso de Mendoza y Sergio P\u00e9rez de Gregorio.<\/p>\n\n\n\n<p>S\u00e1bado 28 de junio, toros de Los Ma\u00f1os para: Joselito Adame, Rub\u00e9n Sanz y David Galv\u00e1n.<\/p>\n\n\n\n<p>Domingo 29 de junio, toros de Antonio Ba\u00f1uelos para: Morante de la Puebla, Emilio de Justo y Marco P\u00e9rez.<\/p>\n","protected":false},"excerpt":{"rendered":"<p>A estas horas Soria disfruta de La Compra, la \u00faltima fiesta previa a las fiestas de San Juan en el [&hellip;]<\/p>\n","protected":false},"author":1,"featured_media":3846,"comment_status":"closed","ping_status":"open","sticky":false,"template":"","format":"standard","meta":{"_uag_custom_page_level_css":"","site-sidebar-layout":"default","site-content-layout":"","ast-site-content-layout":"","site-content-style":"default","site-sidebar-style":"default","ast-global-header-display":"","ast-banner-title-visibility":"","ast-main-header-display":"","ast-hfb-above-header-display":"","ast-hfb-below-header-display":"","ast-hfb-mobile-header-display":"","site-post-title":"","ast-breadcrumbs-content":"","ast-featured-img":"","footer-sml-layout":"","theme-transparent-header-meta":"","adv-header-id-meta":"","stick-header-meta":"","header-above-stick-meta":"","header-main-stick-meta":"","header-below-stick-meta":"","astra-migrate-meta-layouts":"default","ast-page-background-enabled":"default","ast-page-background-meta":{"desktop":{"background-color":"var(--ast-global-color-4)","background-image":"","background-repeat":"repeat","background-position":"center center","background-size":"auto","background-attachment":"scroll","background-type":"","background-media":"","overlay-type":"","overlay-color":"","overlay-opacity":"","overlay-gradient":""},"tablet":{"background-color":"","background-image":"","background-repeat":"repeat","background-position":"center center","background-size":"auto","background-attachment":"scroll","background-type":"","background-media":"","overlay-type":"","overlay-color":"","overlay-opacity":"","overlay-gradient":""},"mobile":{"background-color":"","background-image":"","background-repeat":"repeat","background-position":"center center","background-size":"auto","background-attachment":"scroll","background-type":"","background-media":"","overlay-type":"","overlay-color":"","overlay-opacity":"","overlay-gradient":""}},"ast-content-background-meta":{"desktop":{"background-color":"var(--ast-global-color-5)","background-image":"","background-repeat":"repeat","background-position":"center center","background-size":"auto","background-attachment":"scroll","background-type":"","background-media":"","overlay-type":"","overlay-color":"","overlay-opacity":"","overlay-gradient":""},"tablet":{"background-color":"var(--ast-global-color-5)","background-image":"","background-repeat":"repeat","background-position":"center center","background-size":"auto","background-attachment":"scroll","background-type":"","background-media":"","overlay-type":"","overlay-color":"","overlay-opacity":"","overlay-gradient":""},"mobile":{"background-color":"var(--ast-global-color-5)","background-image":"","background-repeat":"repeat","background-position":"center center","background-size":"auto","background-attachment":"scroll","background-type":"","background-media":"","overlay-type":"","overlay-color":"","overlay-opacity":"","overlay-gradient":""}},"footnotes":""},"categories":[6,12,11],"tags":[],"class_list":["post-3845","post","type-post","status-publish","format-standard","has-post-thumbnail","hentry","category-nacionales","category-noticia-destacada","category-noticias"],"uagb_featured_image_src":{"full":["https:\/\/alquite.com.mx\/2025\/wp-content\/uploads\/2025\/06\/MMM.jpg",1024,683,false],"thumbnail":["https:\/\/alquite.com.mx\/2025\/wp-content\/uploads\/2025\/06\/MMM-150x150.jpg",150,150,true],"medium":["https:\/\/alquite.com.mx\/2025\/wp-content\/uploads\/2025\/06\/MMM-300x200.jpg",300,200,true],"medium_large":["https:\/\/alquite.com.mx\/2025\/wp-content\/uploads\/2025\/06\/MMM-768x512.jpg",768,512,true],"large":["https:\/\/alquite.com.mx\/2025\/wp-content\/uploads\/2025\/06\/MMM.jpg",1024,683,false],"1536x1536":["https:\/\/alquite.com.mx\/2025\/wp-content\/uploads\/2025\/06\/MMM.jpg",1024,683,false],"2048x2048":["https:\/\/alquite.com.mx\/2025\/wp-content\/uploads\/2025\/06\/MMM.jpg",1024,683,false]},"uagb_author_info":{"display_name":"admin","author_link":"https:\/\/alquite.com.mx\/2025\/author\/admin\/"},"uagb_comment_info":0,"uagb_excerpt":"A estas horas Soria disfruta de La Compra, la \u00faltima fiesta previa a las fiestas de San Juan en el [&hellip;]","_links":{"self":[{"href":"https:\/\/alquite.com.mx\/2025\/wp-json\/wp\/v2\/posts\/3845","targetHints":{"allow":["GET"]}}],"collection":[{"href":"https:\/\/alquite.com.mx\/2025\/wp-json\/wp\/v2\/posts"}],"about":[{"href":"https:\/\/alquite.com.mx\/2025\/wp-json\/wp\/v2\/types\/post"}],"author":[{"embeddable":true,"href":"https:\/\/alquite.com.mx\/2025\/wp-json\/wp\/v2\/users\/1"}],"replies":[{"embeddable":true,"href":"https:\/\/alquite.com.mx\/2025\/wp-json\/wp\/v2\/comments?post=3845"}],"version-history":[{"count":1,"href":"https:\/\/alquite.com.mx\/2025\/wp-json\/wp\/v2\/posts\/3845\/revisions"}],"predecessor-version":[{"id":3847,"href":"https:\/\/alquite.com.mx\/2025\/wp-json\/wp\/v2\/posts\/3845\/revisions\/3847"}],"wp:featuredmedia":[{"embeddable":true,"href":"https:\/\/alquite.com.mx\/2025\/wp-json\/wp\/v2\/media\/3846"}],"wp:attachment":[{"href":"https:\/\/alquite.com.mx\/2025\/wp-json\/wp\/v2\/media?parent=3845"}],"wp:term":[{"taxonomy":"category","embeddable":true,"href":"https:\/\/alquite.com.mx\/2025\/wp-json\/wp\/v2\/categories?post=3845"},{"taxonomy":"post_tag","embeddable":true,"href":"https:\/\/alquite.com.mx\/2025\/wp-json\/wp\/v2\/tags?post=3845"}],"curies":[{"name":"wp","href":"https:\/\/api.w.org\/{rel}","templated":true}]}}