{"id":3827,"date":"2025-06-14T00:05:24","date_gmt":"2025-06-14T06:05:24","guid":{"rendered":"https:\/\/alquite.com.mx\/2025\/?p=3827"},"modified":"2025-06-14T00:05:26","modified_gmt":"2025-06-14T06:05:26","slug":"primer-encuentro-deportivo-para-jovenes-trabajadores-de-la-industria-automotriz","status":"publish","type":"post","link":"https:\/\/alquite.com.mx\/2025\/primer-encuentro-deportivo-para-jovenes-trabajadores-de-la-industria-automotriz\/","title":{"rendered":"Primer encuentro deportivo para j\u00f3venes trabajadores de la industria automotriz"},"content":{"rendered":"\n<p>El Instituto del Deporte del Estado de Aguascalientes (IDEA), en colaboraci\u00f3n con la Confederaci\u00f3n Aut\u00f3noma de Trabajadores y Empleados de M\u00e9xico (CATEM), anuncia la realizaci\u00f3n del Primer Encuentro Deportivo para J\u00f3venes Trabajadores de la Industria Automotriz, un evento que busca fomentar la sana convivencia y fortalecer el tejido social entre j\u00f3venes del sector automotor en el estado.<\/p>\n\n\n\n<p>La convocatoria est\u00e1 dirigida a trabajadoras y trabajadores de entre 18 y 30 a\u00f1os que laboran en empresas afiliadas a la CATEM. En esta primera edici\u00f3n, habr\u00e1 \u00fanicamente futbol r\u00e1pido, con miras a que en futuras ediciones se integren m\u00e1s disciplinas deportivas practicadas por los integrantes de este importante gremio.<\/p>\n\n\n\n<p>El encuentro tiene como objetivo promover la amistad, la solidaridad y el trabajo en equipo, mediante actividades recreativas y deportivas que contribuyan al desarrollo f\u00edsico, emocional y social de los participantes.<\/p>\n\n\n\n<p>La sede ser\u00e1 el Deportivo Ferrocarrilero y las competencias se desarrollar\u00e1n los d\u00edas 5 y 6 de julio de 2025. Con esta iniciativa conjunta, el IDEA y la CATEM refrendan su compromiso con el impulso al deporte como herramienta de integraci\u00f3n, desarrollo humano y mejora del ambiente laboral entre la juventud trabajadora del estado.<\/p>\n\n\n\n<p>Para m\u00e1s informaci\u00f3n, los interesados pueden acercarse a sus comit\u00e9s sindicales o consultar los canales oficiales del IDEA.<\/p>\n","protected":false},"excerpt":{"rendered":"<p>El Instituto del Deporte del Estado de Aguascalientes (IDEA), en colaboraci\u00f3n con la Confederaci\u00f3n Aut\u00f3noma de Trabajadores y Empleados de [&hellip;]<\/p>\n","protected":false},"author":1,"featured_media":3828,"comment_status":"closed","ping_status":"open","sticky":false,"template":"","format":"standard","meta":{"_uag_custom_page_level_css":"","site-sidebar-layout":"default","site-content-layout":"","ast-site-content-layout":"","site-content-style":"default","site-sidebar-style":"default","ast-global-header-display":"","ast-banner-title-visibility":"","ast-main-header-display":"","ast-hfb-above-header-display":"","ast-hfb-below-header-display":"","ast-hfb-mobile-header-display":"","site-post-title":"","ast-breadcrumbs-content":"","ast-featured-img":"","footer-sml-layout":"","theme-transparent-header-meta":"","adv-header-id-meta":"","stick-header-meta":"","header-above-stick-meta":"","header-main-stick-meta":"","header-below-stick-meta":"","astra-migrate-meta-layouts":"default","ast-page-background-enabled":"default","ast-page-background-meta":{"desktop":{"background-color":"var(--ast-global-color-4)","background-image":"","background-repeat":"repeat","background-position":"center center","background-size":"auto","background-attachment":"scroll","background-type":"","background-media":"","overlay-type":"","overlay-color":"","overlay-opacity":"","overlay-gradient":""},"tablet":{"background-color":"","background-image":"","background-repeat":"repeat","background-position":"center center","background-size":"auto","background-attachment":"scroll","background-type":"","background-media":"","overlay-type":"","overlay-color":"","overlay-opacity":"","overlay-gradient":""},"mobile":{"background-color":"","background-image":"","background-repeat":"repeat","background-position":"center center","background-size":"auto","background-attachment":"scroll","background-type":"","background-media":"","overlay-type":"","overlay-color":"","overlay-opacity":"","overlay-gradient":""}},"ast-content-background-meta":{"desktop":{"background-color":"var(--ast-global-color-5)","background-image":"","background-repeat":"repeat","background-position":"center center","background-size":"auto","background-attachment":"scroll","background-type":"","background-media":"","overlay-type":"","overlay-color":"","overlay-opacity":"","overlay-gradient":""},"tablet":{"background-color":"var(--ast-global-color-5)","background-image":"","background-repeat":"repeat","background-position":"center center","background-size":"auto","background-attachment":"scroll","background-type":"","background-media":"","overlay-type":"","overlay-color":"","overlay-opacity":"","overlay-gradient":""},"mobile":{"background-color":"var(--ast-global-color-5)","background-image":"","background-repeat":"repeat","background-position":"center center","background-size":"auto","background-attachment":"scroll","background-type":"","background-media":"","overlay-type":"","overlay-color":"","overlay-opacity":"","overlay-gradient":""}},"footnotes":""},"categories":[6,12,11],"tags":[],"class_list":["post-3827","post","type-post","status-publish","format-standard","has-post-thumbnail","hentry","category-nacionales","category-noticia-destacada","category-noticias"],"uagb_featured_image_src":{"full":["https:\/\/alquite.com.mx\/2025\/wp-content\/uploads\/2025\/06\/506399931_1116173517204078_3325974348968211107_n.jpg",1024,683,false],"thumbnail":["https:\/\/alquite.com.mx\/2025\/wp-content\/uploads\/2025\/06\/506399931_1116173517204078_3325974348968211107_n-150x150.jpg",150,150,true],"medium":["https:\/\/alquite.com.mx\/2025\/wp-content\/uploads\/2025\/06\/506399931_1116173517204078_3325974348968211107_n-300x200.jpg",300,200,true],"medium_large":["https:\/\/alquite.com.mx\/2025\/wp-content\/uploads\/2025\/06\/506399931_1116173517204078_3325974348968211107_n-768x512.jpg",768,512,true],"large":["https:\/\/alquite.com.mx\/2025\/wp-content\/uploads\/2025\/06\/506399931_1116173517204078_3325974348968211107_n.jpg",1024,683,false],"1536x1536":["https:\/\/alquite.com.mx\/2025\/wp-content\/uploads\/2025\/06\/506399931_1116173517204078_3325974348968211107_n.jpg",1024,683,false],"2048x2048":["https:\/\/alquite.com.mx\/2025\/wp-content\/uploads\/2025\/06\/506399931_1116173517204078_3325974348968211107_n.jpg",1024,683,false]},"uagb_author_info":{"display_name":"admin","author_link":"https:\/\/alquite.com.mx\/2025\/author\/admin\/"},"uagb_comment_info":0,"uagb_excerpt":"El Instituto del Deporte del Estado de Aguascalientes (IDEA), en colaboraci\u00f3n con la Confederaci\u00f3n Aut\u00f3noma de Trabajadores y Empleados de [&hellip;]","_links":{"self":[{"href":"https:\/\/alquite.com.mx\/2025\/wp-json\/wp\/v2\/posts\/3827","targetHints":{"allow":["GET"]}}],"collection":[{"href":"https:\/\/alquite.com.mx\/2025\/wp-json\/wp\/v2\/posts"}],"about":[{"href":"https:\/\/alquite.com.mx\/2025\/wp-json\/wp\/v2\/types\/post"}],"author":[{"embeddable":true,"href":"https:\/\/alquite.com.mx\/2025\/wp-json\/wp\/v2\/users\/1"}],"replies":[{"embeddable":true,"href":"https:\/\/alquite.com.mx\/2025\/wp-json\/wp\/v2\/comments?post=3827"}],"version-history":[{"count":1,"href":"https:\/\/alquite.com.mx\/2025\/wp-json\/wp\/v2\/posts\/3827\/revisions"}],"predecessor-version":[{"id":3829,"href":"https:\/\/alquite.com.mx\/2025\/wp-json\/wp\/v2\/posts\/3827\/revisions\/3829"}],"wp:featuredmedia":[{"embeddable":true,"href":"https:\/\/alquite.com.mx\/2025\/wp-json\/wp\/v2\/media\/3828"}],"wp:attachment":[{"href":"https:\/\/alquite.com.mx\/2025\/wp-json\/wp\/v2\/media?parent=3827"}],"wp:term":[{"taxonomy":"category","embeddable":true,"href":"https:\/\/alquite.com.mx\/2025\/wp-json\/wp\/v2\/categories?post=3827"},{"taxonomy":"post_tag","embeddable":true,"href":"https:\/\/alquite.com.mx\/2025\/wp-json\/wp\/v2\/tags?post=3827"}],"curies":[{"name":"wp","href":"https:\/\/api.w.org\/{rel}","templated":true}]}}