{"id":3812,"date":"2025-06-13T23:49:00","date_gmt":"2025-06-14T05:49:00","guid":{"rendered":"https:\/\/alquite.com.mx\/2025\/?p=3812"},"modified":"2025-06-13T23:49:03","modified_gmt":"2025-06-14T05:49:03","slug":"ventura-talavante-justo-morante-ortega-y-jimenez-en-la-feria-taurina-de-santa-ana-2025","status":"publish","type":"post","link":"https:\/\/alquite.com.mx\/2025\/ventura-talavante-justo-morante-ortega-y-jimenez-en-la-feria-taurina-de-santa-ana-2025\/","title":{"rendered":"Ventura, Talavante, Justo, Morante, Ortega y Jim\u00e9nez en la Feria Taurina de Santa Ana 2025"},"content":{"rendered":"\n<p>La Feria Taurina de Roquetas de Mar en honor a Santa Ana, que se celebrar\u00e1 del 18 al 20 de julio, ha dado a conocer los carteles de los tres festejos de los que se compone en una gala de presentaci\u00f3n que tuvo lugar en la Plaza de Toros del municipio. Santa Ana contar\u00e1 con dos corridas de toros, una mixta, los d\u00edas 19 y 20 de julio a las 19:30 horas, y una novillada en clase pr\u00e1ctica el viernes 18 de julio con entrada libre hasta completar aforo.<\/p>\n\n\n\n<p>La primera corrida de Santa Ana 2025, el s\u00e1bado 19 de julio, ser\u00e1 mixta con reses de San Pelayo para el rejoneador Diego Ventura, y reses de Victoriano del R\u00edo y Toros de Cort\u00e9s para Alejandro Talavante y Emilio de Justo. El domingo, 20 de julio, los matadores Morante de la Puebla, Juan Ortega y Borja Jim\u00e9nez lidiar\u00e1n toros de Jandilla.&nbsp;<\/p>\n\n\n\n<p>Como se ha convertido en tradici\u00f3n en los \u00faltimos a\u00f1os, el viernes 18 de julio a las 21 horas con entrada libre hasta completar aforo, se llevar\u00e1 a cabo una novillada en clase pr\u00e1ctica. Es una magn\u00edfica oportunidad para crear afici\u00f3n entre el p\u00fablico roquetero. Los novilleros Dennis Mart\u00edn, Almer\u00eda; Jaime Torija, Guadalajara; Israel Guirao, Valencia; H\u00e9ctor Morales, Almer\u00eda; Antonio Ortega, Almer\u00eda y Pablo S\u00e1nchez, Almer\u00eda, lidiar\u00e1n erales de La Palmosilla.<\/p>\n\n\n\n<p>El alcalde de Roquetas de Mar, Gabriel Amat, ha destacado la importancia de poner en valor la fiesta de la tauromaquia como una manifestaci\u00f3n arraigada, se\u00f1a de identidad del patrimonio cultural de nuestro pa\u00eds. \u201cUn a\u00f1o m\u00e1s la feria taurina en honor a Santa Ana nos brinda la oportunidad de poner en valor este arte con las mejores figuras del toreo, un cartel de categor\u00eda para que los aficionados disfruten de la fiesta de los toros como generadora tambi\u00e9n de riqueza y puestos de trabajo\u201d. Os animo a que llen\u00e9is esta plaza en Santa Ana y contribuy\u00e1is a proteger un patrimonio \u00fanico y de gran arraigo en nuestra cultura\u201d, manifest\u00f3 el alcalde.<\/p>\n","protected":false},"excerpt":{"rendered":"<p>La Feria Taurina de Roquetas de Mar en honor a Santa Ana, que se celebrar\u00e1 del 18 al 20 de [&hellip;]<\/p>\n","protected":false},"author":1,"featured_media":3813,"comment_status":"closed","ping_status":"open","sticky":false,"template":"","format":"standard","meta":{"_uag_custom_page_level_css":"","site-sidebar-layout":"default","site-content-layout":"","ast-site-content-layout":"","site-content-style":"default","site-sidebar-style":"default","ast-global-header-display":"","ast-banner-title-visibility":"","ast-main-header-display":"","ast-hfb-above-header-display":"","ast-hfb-below-header-display":"","ast-hfb-mobile-header-display":"","site-post-title":"","ast-breadcrumbs-content":"","ast-featured-img":"","footer-sml-layout":"","theme-transparent-header-meta":"","adv-header-id-meta":"","stick-header-meta":"","header-above-stick-meta":"","header-main-stick-meta":"","header-below-stick-meta":"","astra-migrate-meta-layouts":"default","ast-page-background-enabled":"default","ast-page-background-meta":{"desktop":{"background-color":"var(--ast-global-color-4)","background-image":"","background-repeat":"repeat","background-position":"center center","background-size":"auto","background-attachment":"scroll","background-type":"","background-media":"","overlay-type":"","overlay-color":"","overlay-opacity":"","overlay-gradient":""},"tablet":{"background-color":"","background-image":"","background-repeat":"repeat","background-position":"center center","background-size":"auto","background-attachment":"scroll","background-type":"","background-media":"","overlay-type":"","overlay-color":"","overlay-opacity":"","overlay-gradient":""},"mobile":{"background-color":"","background-image":"","background-repeat":"repeat","background-position":"center center","background-size":"auto","background-attachment":"scroll","background-type":"","background-media":"","overlay-type":"","overlay-color":"","overlay-opacity":"","overlay-gradient":""}},"ast-content-background-meta":{"desktop":{"background-color":"var(--ast-global-color-5)","background-image":"","background-repeat":"repeat","background-position":"center center","background-size":"auto","background-attachment":"scroll","background-type":"","background-media":"","overlay-type":"","overlay-color":"","overlay-opacity":"","overlay-gradient":""},"tablet":{"background-color":"var(--ast-global-color-5)","background-image":"","background-repeat":"repeat","background-position":"center center","background-size":"auto","background-attachment":"scroll","background-type":"","background-media":"","overlay-type":"","overlay-color":"","overlay-opacity":"","overlay-gradient":""},"mobile":{"background-color":"var(--ast-global-color-5)","background-image":"","background-repeat":"repeat","background-position":"center center","background-size":"auto","background-attachment":"scroll","background-type":"","background-media":"","overlay-type":"","overlay-color":"","overlay-opacity":"","overlay-gradient":""}},"footnotes":""},"categories":[6,12,11],"tags":[],"class_list":["post-3812","post","type-post","status-publish","format-standard","has-post-thumbnail","hentry","category-nacionales","category-noticia-destacada","category-noticias"],"uagb_featured_image_src":{"full":["https:\/\/alquite.com.mx\/2025\/wp-content\/uploads\/2025\/06\/PRESENTACION-FERIA-TAURINA-4.jpeg",1024,683,false],"thumbnail":["https:\/\/alquite.com.mx\/2025\/wp-content\/uploads\/2025\/06\/PRESENTACION-FERIA-TAURINA-4-150x150.jpeg",150,150,true],"medium":["https:\/\/alquite.com.mx\/2025\/wp-content\/uploads\/2025\/06\/PRESENTACION-FERIA-TAURINA-4-300x200.jpeg",300,200,true],"medium_large":["https:\/\/alquite.com.mx\/2025\/wp-content\/uploads\/2025\/06\/PRESENTACION-FERIA-TAURINA-4-768x512.jpeg",768,512,true],"large":["https:\/\/alquite.com.mx\/2025\/wp-content\/uploads\/2025\/06\/PRESENTACION-FERIA-TAURINA-4.jpeg",1024,683,false],"1536x1536":["https:\/\/alquite.com.mx\/2025\/wp-content\/uploads\/2025\/06\/PRESENTACION-FERIA-TAURINA-4.jpeg",1024,683,false],"2048x2048":["https:\/\/alquite.com.mx\/2025\/wp-content\/uploads\/2025\/06\/PRESENTACION-FERIA-TAURINA-4.jpeg",1024,683,false]},"uagb_author_info":{"display_name":"admin","author_link":"https:\/\/alquite.com.mx\/2025\/author\/admin\/"},"uagb_comment_info":0,"uagb_excerpt":"La Feria Taurina de Roquetas de Mar en honor a Santa Ana, que se celebrar\u00e1 del 18 al 20 de [&hellip;]","_links":{"self":[{"href":"https:\/\/alquite.com.mx\/2025\/wp-json\/wp\/v2\/posts\/3812","targetHints":{"allow":["GET"]}}],"collection":[{"href":"https:\/\/alquite.com.mx\/2025\/wp-json\/wp\/v2\/posts"}],"about":[{"href":"https:\/\/alquite.com.mx\/2025\/wp-json\/wp\/v2\/types\/post"}],"author":[{"embeddable":true,"href":"https:\/\/alquite.com.mx\/2025\/wp-json\/wp\/v2\/users\/1"}],"replies":[{"embeddable":true,"href":"https:\/\/alquite.com.mx\/2025\/wp-json\/wp\/v2\/comments?post=3812"}],"version-history":[{"count":1,"href":"https:\/\/alquite.com.mx\/2025\/wp-json\/wp\/v2\/posts\/3812\/revisions"}],"predecessor-version":[{"id":3814,"href":"https:\/\/alquite.com.mx\/2025\/wp-json\/wp\/v2\/posts\/3812\/revisions\/3814"}],"wp:featuredmedia":[{"embeddable":true,"href":"https:\/\/alquite.com.mx\/2025\/wp-json\/wp\/v2\/media\/3813"}],"wp:attachment":[{"href":"https:\/\/alquite.com.mx\/2025\/wp-json\/wp\/v2\/media?parent=3812"}],"wp:term":[{"taxonomy":"category","embeddable":true,"href":"https:\/\/alquite.com.mx\/2025\/wp-json\/wp\/v2\/categories?post=3812"},{"taxonomy":"post_tag","embeddable":true,"href":"https:\/\/alquite.com.mx\/2025\/wp-json\/wp\/v2\/tags?post=3812"}],"curies":[{"name":"wp","href":"https:\/\/api.w.org\/{rel}","templated":true}]}}