{"id":3794,"date":"2025-06-11T20:20:33","date_gmt":"2025-06-12T02:20:33","guid":{"rendered":"https:\/\/alquite.com.mx\/2025\/?p=3794"},"modified":"2025-06-11T20:20:36","modified_gmt":"2025-06-12T02:20:36","slug":"bruno-aloi-actuara-en-madrid-el-3-de-julio","status":"publish","type":"post","link":"https:\/\/alquite.com.mx\/2025\/bruno-aloi-actuara-en-madrid-el-3-de-julio\/","title":{"rendered":"Bruno Aloi actuar\u00e1 en Madrid el 3 de julio"},"content":{"rendered":"\n<p>Bruno Aloi volver\u00e1 a torear en Madrid el jueves 3 de julio, en el marco del certamen \u00abC\u00e9nate a Las Ventas\u00bb, y de esta manera ser\u00e1 el primer torero mexicano en hacer un segundo pase\u00edllo en este escenario, despu\u00e9s de haber toreado el reciente 4 de mayo, en la novillada de la Miniferia de la Comunidad de Madrid.<\/p>\n\n\n\n<p>Alternar\u00e1 con Fabio Jim\u00e9nez y Pedro Luis, para lidiar un encierro de la ganader\u00eda toledana de Sagrario Moreno, que est\u00e1 formada con reses de encaste Juan Pedro Domecq, v\u00eda El Ventorrillo.<\/p>\n\n\n\n<p>El festejo comenzar\u00e1 a las 21:00 horas, y ser\u00e1 la segunda ocasi\u00f3n que Bruno participar\u00e1 en estas novilladas nocturnas, luego de que ya lo hiciera el 27 de junio del a\u00f1o 2024, fecha en la que enfrent\u00f3 ejemplares de Los Chospes y fue ovacionado al concluir la lidia del sexto de la noche.<\/p>\n\n\n\n<p>\u00a0\u00abPara m\u00ed es muy importante volver a torear en Madrid este a\u00f1o, y tener una nueva oportunidad de mostrarme ante el p\u00fablico de esta plaza con la que cada vez me siento m\u00e1s identificado. Espero que la novillada de Sagrario Moreno embista y me permita torear como a m\u00ed me gusta, y as\u00ed seguir creciendo como torero, sobre todo ahora que tengo por delante una temporada muy bonita que me llena de ilusi\u00f3n\u00bb, coment\u00f3 Bruno.\u00a0Mientras llega esta nueva cita en Las Ventas, y con las otras que ya tiene en puerta, y de las que se inform\u00f3 ayer, Bruno sigue con sus entrenamientos y hoy acudi\u00f3 a la ganader\u00eda de Baltasar Ib\u00e1n, a los pies de la sierra madrile\u00f1a, donde tuvo ocasi\u00f3n de compartir las labores de tienta con dos de los triunfadores de San Isidro: Jos\u00e9 Ignacio Uceda Leal y G\u00f3mez del Pilar.<\/p>\n\n\n\n<p><\/p>\n","protected":false},"excerpt":{"rendered":"<p>Bruno Aloi volver\u00e1 a torear en Madrid el jueves 3 de julio, en el marco del certamen \u00abC\u00e9nate a Las [&hellip;]<\/p>\n","protected":false},"author":1,"featured_media":3795,"comment_status":"closed","ping_status":"open","sticky":false,"template":"","format":"standard","meta":{"_uag_custom_page_level_css":"","site-sidebar-layout":"default","site-content-layout":"","ast-site-content-layout":"","site-content-style":"default","site-sidebar-style":"default","ast-global-header-display":"","ast-banner-title-visibility":"","ast-main-header-display":"","ast-hfb-above-header-display":"","ast-hfb-below-header-display":"","ast-hfb-mobile-header-display":"","site-post-title":"","ast-breadcrumbs-content":"","ast-featured-img":"","footer-sml-layout":"","theme-transparent-header-meta":"","adv-header-id-meta":"","stick-header-meta":"","header-above-stick-meta":"","header-main-stick-meta":"","header-below-stick-meta":"","astra-migrate-meta-layouts":"default","ast-page-background-enabled":"default","ast-page-background-meta":{"desktop":{"background-color":"var(--ast-global-color-4)","background-image":"","background-repeat":"repeat","background-position":"center center","background-size":"auto","background-attachment":"scroll","background-type":"","background-media":"","overlay-type":"","overlay-color":"","overlay-opacity":"","overlay-gradient":""},"tablet":{"background-color":"","background-image":"","background-repeat":"repeat","background-position":"center center","background-size":"auto","background-attachment":"scroll","background-type":"","background-media":"","overlay-type":"","overlay-color":"","overlay-opacity":"","overlay-gradient":""},"mobile":{"background-color":"","background-image":"","background-repeat":"repeat","background-position":"center center","background-size":"auto","background-attachment":"scroll","background-type":"","background-media":"","overlay-type":"","overlay-color":"","overlay-opacity":"","overlay-gradient":""}},"ast-content-background-meta":{"desktop":{"background-color":"var(--ast-global-color-5)","background-image":"","background-repeat":"repeat","background-position":"center center","background-size":"auto","background-attachment":"scroll","background-type":"","background-media":"","overlay-type":"","overlay-color":"","overlay-opacity":"","overlay-gradient":""},"tablet":{"background-color":"var(--ast-global-color-5)","background-image":"","background-repeat":"repeat","background-position":"center center","background-size":"auto","background-attachment":"scroll","background-type":"","background-media":"","overlay-type":"","overlay-color":"","overlay-opacity":"","overlay-gradient":""},"mobile":{"background-color":"var(--ast-global-color-5)","background-image":"","background-repeat":"repeat","background-position":"center center","background-size":"auto","background-attachment":"scroll","background-type":"","background-media":"","overlay-type":"","overlay-color":"","overlay-opacity":"","overlay-gradient":""}},"footnotes":""},"categories":[6,12,11],"tags":[],"class_list":["post-3794","post","type-post","status-publish","format-standard","has-post-thumbnail","hentry","category-nacionales","category-noticia-destacada","category-noticias"],"uagb_featured_image_src":{"full":["https:\/\/alquite.com.mx\/2025\/wp-content\/uploads\/2025\/06\/506351041_1133116845517707_4743786449534603216_n-1.jpg",1024,768,false],"thumbnail":["https:\/\/alquite.com.mx\/2025\/wp-content\/uploads\/2025\/06\/506351041_1133116845517707_4743786449534603216_n-1-150x150.jpg",150,150,true],"medium":["https:\/\/alquite.com.mx\/2025\/wp-content\/uploads\/2025\/06\/506351041_1133116845517707_4743786449534603216_n-1-300x225.jpg",300,225,true],"medium_large":["https:\/\/alquite.com.mx\/2025\/wp-content\/uploads\/2025\/06\/506351041_1133116845517707_4743786449534603216_n-1-768x576.jpg",768,576,true],"large":["https:\/\/alquite.com.mx\/2025\/wp-content\/uploads\/2025\/06\/506351041_1133116845517707_4743786449534603216_n-1.jpg",1024,768,false],"1536x1536":["https:\/\/alquite.com.mx\/2025\/wp-content\/uploads\/2025\/06\/506351041_1133116845517707_4743786449534603216_n-1.jpg",1024,768,false],"2048x2048":["https:\/\/alquite.com.mx\/2025\/wp-content\/uploads\/2025\/06\/506351041_1133116845517707_4743786449534603216_n-1.jpg",1024,768,false]},"uagb_author_info":{"display_name":"admin","author_link":"https:\/\/alquite.com.mx\/2025\/author\/admin\/"},"uagb_comment_info":0,"uagb_excerpt":"Bruno Aloi volver\u00e1 a torear en Madrid el jueves 3 de julio, en el marco del certamen \u00abC\u00e9nate a Las [&hellip;]","_links":{"self":[{"href":"https:\/\/alquite.com.mx\/2025\/wp-json\/wp\/v2\/posts\/3794","targetHints":{"allow":["GET"]}}],"collection":[{"href":"https:\/\/alquite.com.mx\/2025\/wp-json\/wp\/v2\/posts"}],"about":[{"href":"https:\/\/alquite.com.mx\/2025\/wp-json\/wp\/v2\/types\/post"}],"author":[{"embeddable":true,"href":"https:\/\/alquite.com.mx\/2025\/wp-json\/wp\/v2\/users\/1"}],"replies":[{"embeddable":true,"href":"https:\/\/alquite.com.mx\/2025\/wp-json\/wp\/v2\/comments?post=3794"}],"version-history":[{"count":1,"href":"https:\/\/alquite.com.mx\/2025\/wp-json\/wp\/v2\/posts\/3794\/revisions"}],"predecessor-version":[{"id":3796,"href":"https:\/\/alquite.com.mx\/2025\/wp-json\/wp\/v2\/posts\/3794\/revisions\/3796"}],"wp:featuredmedia":[{"embeddable":true,"href":"https:\/\/alquite.com.mx\/2025\/wp-json\/wp\/v2\/media\/3795"}],"wp:attachment":[{"href":"https:\/\/alquite.com.mx\/2025\/wp-json\/wp\/v2\/media?parent=3794"}],"wp:term":[{"taxonomy":"category","embeddable":true,"href":"https:\/\/alquite.com.mx\/2025\/wp-json\/wp\/v2\/categories?post=3794"},{"taxonomy":"post_tag","embeddable":true,"href":"https:\/\/alquite.com.mx\/2025\/wp-json\/wp\/v2\/tags?post=3794"}],"curies":[{"name":"wp","href":"https:\/\/api.w.org\/{rel}","templated":true}]}}