{"id":3788,"date":"2025-06-11T20:15:19","date_gmt":"2025-06-12T02:15:19","guid":{"rendered":"https:\/\/alquite.com.mx\/2025\/?p=3788"},"modified":"2025-06-11T20:15:22","modified_gmt":"2025-06-12T02:15:22","slug":"firma-tere-jimenez-convenio-de-colaboracion-con-la-agencia-de-cooperacion-internacional-del-japon","status":"publish","type":"post","link":"https:\/\/alquite.com.mx\/2025\/firma-tere-jimenez-convenio-de-colaboracion-con-la-agencia-de-cooperacion-internacional-del-japon\/","title":{"rendered":"Firma Tere Jim\u00e9nez convenio de colaboraci\u00f3n con la Agencia de Cooperaci\u00f3n Internacional del Jap\u00f3n"},"content":{"rendered":"\n<p id=\"viewer-98dz7134\">La gobernadora Tere Jim\u00e9nez firm\u00f3 un convenio de colaboraci\u00f3n con la Agencia de Cooperaci\u00f3n Internacional del Jap\u00f3n (JICA), con el objetivo de fortalecer el desarrollo de talento en la industria automotriz, electromovilidad e innovaci\u00f3n tecnol\u00f3gica.<\/p>\n\n\n\n<p id=\"viewer-393h5137\">\u201cSeguiremos haciendo alianzas con Jap\u00f3n para impulsar el desarrollo de nuestra gente y que pueda competir con su conocimiento a nivel global\u201d, sostuvo.<\/p>\n\n\n\n<p id=\"viewer-nbxsd140\">El Gobierno del Estado de Aguascalientes, a trav\u00e9s de la Secretar\u00eda de Desarrollo Econ\u00f3mico, Ciencia y Tecnolog\u00eda, trabajar\u00e1 con JICA en la promoci\u00f3n de una serie de actividades orientadas a eficientar los procesos de producci\u00f3n en las empresas, mejorar la calidad y reducir tiempos de entrega y costos, entre otras cosas.<\/p>\n\n\n\n<p id=\"viewer-nx63e143\">Posteriormente, la gobernadora de Aguascalientes sostuvo un encuentro con la embajadora de M\u00e9xico en Jap\u00f3n, Melba Pr\u00eda, a quien reconoci\u00f3 su trabajo diplom\u00e1tico, el cual ha sido pieza clave para el fortalecimiento de la relaci\u00f3n comercial, cultural y de hermanamiento entre ambas naciones.<\/p>\n","protected":false},"excerpt":{"rendered":"<p>La gobernadora Tere Jim\u00e9nez firm\u00f3 un convenio de colaboraci\u00f3n con la Agencia de Cooperaci\u00f3n Internacional del Jap\u00f3n (JICA), con el [&hellip;]<\/p>\n","protected":false},"author":1,"featured_media":3789,"comment_status":"closed","ping_status":"open","sticky":false,"template":"","format":"standard","meta":{"_uag_custom_page_level_css":"","site-sidebar-layout":"default","site-content-layout":"","ast-site-content-layout":"","site-content-style":"default","site-sidebar-style":"default","ast-global-header-display":"","ast-banner-title-visibility":"","ast-main-header-display":"","ast-hfb-above-header-display":"","ast-hfb-below-header-display":"","ast-hfb-mobile-header-display":"","site-post-title":"","ast-breadcrumbs-content":"","ast-featured-img":"","footer-sml-layout":"","theme-transparent-header-meta":"","adv-header-id-meta":"","stick-header-meta":"","header-above-stick-meta":"","header-main-stick-meta":"","header-below-stick-meta":"","astra-migrate-meta-layouts":"default","ast-page-background-enabled":"default","ast-page-background-meta":{"desktop":{"background-color":"var(--ast-global-color-4)","background-image":"","background-repeat":"repeat","background-position":"center center","background-size":"auto","background-attachment":"scroll","background-type":"","background-media":"","overlay-type":"","overlay-color":"","overlay-opacity":"","overlay-gradient":""},"tablet":{"background-color":"","background-image":"","background-repeat":"repeat","background-position":"center center","background-size":"auto","background-attachment":"scroll","background-type":"","background-media":"","overlay-type":"","overlay-color":"","overlay-opacity":"","overlay-gradient":""},"mobile":{"background-color":"","background-image":"","background-repeat":"repeat","background-position":"center center","background-size":"auto","background-attachment":"scroll","background-type":"","background-media":"","overlay-type":"","overlay-color":"","overlay-opacity":"","overlay-gradient":""}},"ast-content-background-meta":{"desktop":{"background-color":"var(--ast-global-color-5)","background-image":"","background-repeat":"repeat","background-position":"center center","background-size":"auto","background-attachment":"scroll","background-type":"","background-media":"","overlay-type":"","overlay-color":"","overlay-opacity":"","overlay-gradient":""},"tablet":{"background-color":"var(--ast-global-color-5)","background-image":"","background-repeat":"repeat","background-position":"center center","background-size":"auto","background-attachment":"scroll","background-type":"","background-media":"","overlay-type":"","overlay-color":"","overlay-opacity":"","overlay-gradient":""},"mobile":{"background-color":"var(--ast-global-color-5)","background-image":"","background-repeat":"repeat","background-position":"center center","background-size":"auto","background-attachment":"scroll","background-type":"","background-media":"","overlay-type":"","overlay-color":"","overlay-opacity":"","overlay-gradient":""}},"footnotes":""},"categories":[6,12,11],"tags":[],"class_list":["post-3788","post","type-post","status-publish","format-standard","has-post-thumbnail","hentry","category-nacionales","category-noticia-destacada","category-noticias"],"uagb_featured_image_src":{"full":["https:\/\/alquite.com.mx\/2025\/wp-content\/uploads\/2025\/06\/WhatsApp-Image-2025-06-11-at-10.54.42-AM.jpeg",1024,768,false],"thumbnail":["https:\/\/alquite.com.mx\/2025\/wp-content\/uploads\/2025\/06\/WhatsApp-Image-2025-06-11-at-10.54.42-AM-150x150.jpeg",150,150,true],"medium":["https:\/\/alquite.com.mx\/2025\/wp-content\/uploads\/2025\/06\/WhatsApp-Image-2025-06-11-at-10.54.42-AM-300x225.jpeg",300,225,true],"medium_large":["https:\/\/alquite.com.mx\/2025\/wp-content\/uploads\/2025\/06\/WhatsApp-Image-2025-06-11-at-10.54.42-AM-768x576.jpeg",768,576,true],"large":["https:\/\/alquite.com.mx\/2025\/wp-content\/uploads\/2025\/06\/WhatsApp-Image-2025-06-11-at-10.54.42-AM.jpeg",1024,768,false],"1536x1536":["https:\/\/alquite.com.mx\/2025\/wp-content\/uploads\/2025\/06\/WhatsApp-Image-2025-06-11-at-10.54.42-AM.jpeg",1024,768,false],"2048x2048":["https:\/\/alquite.com.mx\/2025\/wp-content\/uploads\/2025\/06\/WhatsApp-Image-2025-06-11-at-10.54.42-AM.jpeg",1024,768,false]},"uagb_author_info":{"display_name":"admin","author_link":"https:\/\/alquite.com.mx\/2025\/author\/admin\/"},"uagb_comment_info":0,"uagb_excerpt":"La gobernadora Tere Jim\u00e9nez firm\u00f3 un convenio de colaboraci\u00f3n con la Agencia de Cooperaci\u00f3n Internacional del Jap\u00f3n (JICA), con el [&hellip;]","_links":{"self":[{"href":"https:\/\/alquite.com.mx\/2025\/wp-json\/wp\/v2\/posts\/3788","targetHints":{"allow":["GET"]}}],"collection":[{"href":"https:\/\/alquite.com.mx\/2025\/wp-json\/wp\/v2\/posts"}],"about":[{"href":"https:\/\/alquite.com.mx\/2025\/wp-json\/wp\/v2\/types\/post"}],"author":[{"embeddable":true,"href":"https:\/\/alquite.com.mx\/2025\/wp-json\/wp\/v2\/users\/1"}],"replies":[{"embeddable":true,"href":"https:\/\/alquite.com.mx\/2025\/wp-json\/wp\/v2\/comments?post=3788"}],"version-history":[{"count":1,"href":"https:\/\/alquite.com.mx\/2025\/wp-json\/wp\/v2\/posts\/3788\/revisions"}],"predecessor-version":[{"id":3790,"href":"https:\/\/alquite.com.mx\/2025\/wp-json\/wp\/v2\/posts\/3788\/revisions\/3790"}],"wp:featuredmedia":[{"embeddable":true,"href":"https:\/\/alquite.com.mx\/2025\/wp-json\/wp\/v2\/media\/3789"}],"wp:attachment":[{"href":"https:\/\/alquite.com.mx\/2025\/wp-json\/wp\/v2\/media?parent=3788"}],"wp:term":[{"taxonomy":"category","embeddable":true,"href":"https:\/\/alquite.com.mx\/2025\/wp-json\/wp\/v2\/categories?post=3788"},{"taxonomy":"post_tag","embeddable":true,"href":"https:\/\/alquite.com.mx\/2025\/wp-json\/wp\/v2\/tags?post=3788"}],"curies":[{"name":"wp","href":"https:\/\/api.w.org\/{rel}","templated":true}]}}