{"id":3776,"date":"2025-06-11T20:05:33","date_gmt":"2025-06-12T02:05:33","guid":{"rendered":"https:\/\/alquite.com.mx\/2025\/?p=3776"},"modified":"2025-06-11T20:05:36","modified_gmt":"2025-06-12T02:05:36","slug":"cella-presenta-una-variada-e-interesante-feria-con-marcado-acento-femenino","status":"publish","type":"post","link":"https:\/\/alquite.com.mx\/2025\/cella-presenta-una-variada-e-interesante-feria-con-marcado-acento-femenino\/","title":{"rendered":"Cella presenta una variada e interesante feria con marcado acento femenino"},"content":{"rendered":"\n<p>Del 21 al 24 de agosto, dos novilladas con picadores y un festejo popular<\/p>\n\n\n\n<p>La localidad de Cella, basti\u00f3n de las novilladas en la provincia de Teruel, fue el escenario el pasado viernes 6 de junio de la esperada presentaci\u00f3n de su Feria Taurina, enclavada en sus Fiestas Mayores en honor a San Clemente. La feria, organizada por las empresas Tauromanagement y ToroGesti\u00f3n360 con la colaboraci\u00f3n de la Comisi\u00f3n de Fiestas de Cella y el Ayuntamiento de la localidad, representa uno de los pilares culturales de este pueblo tan ligado a la tauromaquia y promete ser un a\u00f1o m\u00e1s un punto de encuentro para aficionados y amantes de la tauromaquia.<\/p>\n\n\n\n<h1 class=\"wp-block-heading has-medium-font-size\">Una presentaci\u00f3n a la altura de la feria<\/h1>\n\n\n\n<p>La presentaci\u00f3n, que tuvo lugar en la Ermita de San Sebasti\u00e1n, reuni\u00f3 a vecinos y aficionados en un ambiente c\u00e1lido y acogedor. El acto, conducido por el artista gr\u00e1fico local, Juan Iranzo, cont\u00f3 con la presencia de muchos de los protagonistas de los carteles de este 2025, como los novilleros Aar\u00f3n Palacio (triunfador de Cella 2024) y Bruno Gimeno (novillero valenciano que debutar\u00e1 con picadores en la Feria 2025), el ganadero de Los Ma\u00f1os, Jos\u00e9 Luis Marcuello, el representante de la ganader\u00eda Hermanos Navarr\u00e9, Enrique Navarr\u00e9, y los organizadores Luis Mar\u00eda Garrido y Jos\u00e9 Silvestre, as\u00ed como recortadores locales anunciados en el festejo popular, autoridades locales, y el ganadero Paco Mart\u00ed. Durante el acto, se desvelaron los carteles oficiales de la Feria Taurina y se realiz\u00f3 una distendida charla coloquio con todos los protagonistas asistentes. Los organizadores expresaron su ilusi\u00f3n por la Feria presentada, asegurando que Cella permite trabajar por y para el futuro de la tauromaquia apostando por combinaciones de calidad que permiten aunar los nombres m\u00e1s interesantes como Olga Casado, Aar\u00f3n Palacio o la figura del rejoneo Lea Vicens, con nombres ilusionantes como el debut con picadores de la \u00faltima promesa de la Escuela Taurina de Valencia, Bruno Gimeno, todo ello junto con hierros de m\u00e1ximo prestigio.<\/p>\n\n\n\n<h1 class=\"wp-block-heading has-medium-font-size\">La programaci\u00f3n de la Feria Taurina<\/h1>\n\n\n\n<ul class=\"wp-block-list\">\n<li>S\u00e1bado 23 de agosto, a las 18 horas, novillada mixta con picadore: 2 novillos-toros de MURUBE para la rejoneadora LEA VICENS y 2 novillos-toros de CERROLONGO para la novillera OLGA CASADO. Al finalizar, suelta de reses para el fomento de la afici\u00f3n.<\/li>\n<\/ul>\n\n\n\n<ul class=\"wp-block-list\">\n<li>Domingo 24 de agosto, a las 18 horas, novillada con picadores \u201cExamen hacia el Triunfo\u201d 4 novillos-toros de VICTORIANO DEL R\u00cdO y LOS MA\u00d1OS para AAR\u00d3N PALACIO y BRUNO GIMENO, que debuta con picadores. Al finalizar, suelta de reses para el fomento de la afici\u00f3n.<\/li>\n<\/ul>\n\n\n\n<p>La feria se completa con un concurso de recortes como antesala de las novilladas el jueves 21 de agosto a las 18 horas. Con el trepidante formato \u201cMaestros de la calle\u201d los mejores especialistas se medir\u00e1n a 4 vacas de una de las ganader\u00edas del momento, Hermanos Navarr\u00e9, siendo la vaca de la final la temida \u201cMorena\u201d. Tambi\u00e9n habr\u00e1 una res para exhibici\u00f3n de j\u00f3venes promesas de Cella. Al finalizar, suelta de reses para el fomento de la afici\u00f3n.<\/p>\n\n\n\n<h1 class=\"wp-block-heading has-medium-font-size\">Venta de entradas<\/h1>\n\n\n\n<p>Las entradas y packs ya se encuentran a la venta online en&nbsp;<a href=\"https:\/\/newsletter.torogestion.com\/c\/j7lr\/z2s-juuu\/vlxy0dyyk6i\" target=\"_blank\" rel=\"noreferrer noopener\">https:\/\/bit.ly\/m\/toroscella<\/a>&nbsp;y se pueden reservar y comprar en el n\u00famero de tel\u00e9fono 695 201 966. La venta f\u00edsica comenzar\u00e1 el 21 de julio en el Estanco de Cella, y en la plaza de toros de Cella los d\u00edas de festejo. Adem\u00e1s, la empresa invita a pe\u00f1as y asociaciones taurinas a ponerse en contacto y conocer los descuentos para grupos.<\/p>\n\n\n\n<p><\/p>\n","protected":false},"excerpt":{"rendered":"<p>Del 21 al 24 de agosto, dos novilladas con picadores y un festejo popular La localidad de Cella, basti\u00f3n de [&hellip;]<\/p>\n","protected":false},"author":1,"featured_media":3777,"comment_status":"closed","ping_status":"open","sticky":false,"template":"","format":"standard","meta":{"_uag_custom_page_level_css":"","site-sidebar-layout":"default","site-content-layout":"","ast-site-content-layout":"","site-content-style":"default","site-sidebar-style":"default","ast-global-header-display":"","ast-banner-title-visibility":"","ast-main-header-display":"","ast-hfb-above-header-display":"","ast-hfb-below-header-display":"","ast-hfb-mobile-header-display":"","site-post-title":"","ast-breadcrumbs-content":"","ast-featured-img":"","footer-sml-layout":"","theme-transparent-header-meta":"","adv-header-id-meta":"","stick-header-meta":"","header-above-stick-meta":"","header-main-stick-meta":"","header-below-stick-meta":"","astra-migrate-meta-layouts":"default","ast-page-background-enabled":"default","ast-page-background-meta":{"desktop":{"background-color":"var(--ast-global-color-4)","background-image":"","background-repeat":"repeat","background-position":"center center","background-size":"auto","background-attachment":"scroll","background-type":"","background-media":"","overlay-type":"","overlay-color":"","overlay-opacity":"","overlay-gradient":""},"tablet":{"background-color":"","background-image":"","background-repeat":"repeat","background-position":"center center","background-size":"auto","background-attachment":"scroll","background-type":"","background-media":"","overlay-type":"","overlay-color":"","overlay-opacity":"","overlay-gradient":""},"mobile":{"background-color":"","background-image":"","background-repeat":"repeat","background-position":"center center","background-size":"auto","background-attachment":"scroll","background-type":"","background-media":"","overlay-type":"","overlay-color":"","overlay-opacity":"","overlay-gradient":""}},"ast-content-background-meta":{"desktop":{"background-color":"var(--ast-global-color-5)","background-image":"","background-repeat":"repeat","background-position":"center center","background-size":"auto","background-attachment":"scroll","background-type":"","background-media":"","overlay-type":"","overlay-color":"","overlay-opacity":"","overlay-gradient":""},"tablet":{"background-color":"var(--ast-global-color-5)","background-image":"","background-repeat":"repeat","background-position":"center center","background-size":"auto","background-attachment":"scroll","background-type":"","background-media":"","overlay-type":"","overlay-color":"","overlay-opacity":"","overlay-gradient":""},"mobile":{"background-color":"var(--ast-global-color-5)","background-image":"","background-repeat":"repeat","background-position":"center center","background-size":"auto","background-attachment":"scroll","background-type":"","background-media":"","overlay-type":"","overlay-color":"","overlay-opacity":"","overlay-gradient":""}},"footnotes":""},"categories":[6,12,11],"tags":[],"class_list":["post-3776","post","type-post","status-publish","format-standard","has-post-thumbnail","hentry","category-nacionales","category-noticia-destacada","category-noticias"],"uagb_featured_image_src":{"full":["https:\/\/alquite.com.mx\/2025\/wp-content\/uploads\/2025\/06\/504168883_18014111213723517_6546190284008661578_n.jpg",1024,576,false],"thumbnail":["https:\/\/alquite.com.mx\/2025\/wp-content\/uploads\/2025\/06\/504168883_18014111213723517_6546190284008661578_n-150x150.jpg",150,150,true],"medium":["https:\/\/alquite.com.mx\/2025\/wp-content\/uploads\/2025\/06\/504168883_18014111213723517_6546190284008661578_n-300x169.jpg",300,169,true],"medium_large":["https:\/\/alquite.com.mx\/2025\/wp-content\/uploads\/2025\/06\/504168883_18014111213723517_6546190284008661578_n-768x432.jpg",768,432,true],"large":["https:\/\/alquite.com.mx\/2025\/wp-content\/uploads\/2025\/06\/504168883_18014111213723517_6546190284008661578_n.jpg",1024,576,false],"1536x1536":["https:\/\/alquite.com.mx\/2025\/wp-content\/uploads\/2025\/06\/504168883_18014111213723517_6546190284008661578_n.jpg",1024,576,false],"2048x2048":["https:\/\/alquite.com.mx\/2025\/wp-content\/uploads\/2025\/06\/504168883_18014111213723517_6546190284008661578_n.jpg",1024,576,false]},"uagb_author_info":{"display_name":"admin","author_link":"https:\/\/alquite.com.mx\/2025\/author\/admin\/"},"uagb_comment_info":0,"uagb_excerpt":"Del 21 al 24 de agosto, dos novilladas con picadores y un festejo popular La localidad de Cella, basti\u00f3n de [&hellip;]","_links":{"self":[{"href":"https:\/\/alquite.com.mx\/2025\/wp-json\/wp\/v2\/posts\/3776","targetHints":{"allow":["GET"]}}],"collection":[{"href":"https:\/\/alquite.com.mx\/2025\/wp-json\/wp\/v2\/posts"}],"about":[{"href":"https:\/\/alquite.com.mx\/2025\/wp-json\/wp\/v2\/types\/post"}],"author":[{"embeddable":true,"href":"https:\/\/alquite.com.mx\/2025\/wp-json\/wp\/v2\/users\/1"}],"replies":[{"embeddable":true,"href":"https:\/\/alquite.com.mx\/2025\/wp-json\/wp\/v2\/comments?post=3776"}],"version-history":[{"count":1,"href":"https:\/\/alquite.com.mx\/2025\/wp-json\/wp\/v2\/posts\/3776\/revisions"}],"predecessor-version":[{"id":3778,"href":"https:\/\/alquite.com.mx\/2025\/wp-json\/wp\/v2\/posts\/3776\/revisions\/3778"}],"wp:featuredmedia":[{"embeddable":true,"href":"https:\/\/alquite.com.mx\/2025\/wp-json\/wp\/v2\/media\/3777"}],"wp:attachment":[{"href":"https:\/\/alquite.com.mx\/2025\/wp-json\/wp\/v2\/media?parent=3776"}],"wp:term":[{"taxonomy":"category","embeddable":true,"href":"https:\/\/alquite.com.mx\/2025\/wp-json\/wp\/v2\/categories?post=3776"},{"taxonomy":"post_tag","embeddable":true,"href":"https:\/\/alquite.com.mx\/2025\/wp-json\/wp\/v2\/tags?post=3776"}],"curies":[{"name":"wp","href":"https:\/\/api.w.org\/{rel}","templated":true}]}}